{"id":7487,"date":"2026-03-26T12:32:26","date_gmt":"2026-03-26T11:32:26","guid":{"rendered":"https:\/\/interreg-grace.eu\/aufruf-zur-bewerbung-unlock-book-fair-2026\/"},"modified":"2026-03-26T12:32:26","modified_gmt":"2026-03-26T11:32:26","slug":"aufruf-zur-bewerbung-unlock-book-fair-2026","status":"publish","type":"post","link":"https:\/\/interreg-grace.eu\/de\/aufruf-zur-bewerbung-unlock-book-fair-2026\/","title":{"rendered":"Aufruf zur Bewerbung \u2014 Unlock Book Fair 2026"},"content":{"rendered":"<p>Im Jahr 2026 verwandelt die URBAN ART BIENNALE erneut die <a class=\"seVZkUMdlXHExvaoRUqmIRWAjXpYSHRBY \" tabindex=\"0\" href=\"https:\/\/www.linkedin.com\/company\/weltkulturerbe-v%C3%B6lklinger-h%C3%BCtte\/\" target=\"_self\" data-test-app-aware-link=\"\">V\u00f6lklinger H\u00fctte<\/a> in ein lebendiges Labor der urbanen Kulturen. Weit mehr als nur eine Ausstellung ist sie ein Raum f\u00fcr den Dialog zwischen industriellem Erbe und zeitgen\u00f6ssischen k\u00fcnstlerischen Ausdrucksformen! <\/p>\n<p>\ud83d\udcda Fokus auf die Unlock Book Fair V\u00f6lklingen 2026<br \/>\nVom 8. bis 10. Mai 2026 bringt diese Fachmesse die ganze Vielfalt des Verlagswesens im Bereich urbaner Kulturen zusammen: Graffiti, Street-Fotografie, Muralismus, aber auch Szenen wie Urbex, Punk, Hip-Hop oder Rave.<\/p>\n<p>\ud83d\udce3 <strong>Aufruf zur Bewerbung ge\u00f6ffnet<\/strong><br \/>\nVerlage, Autor:innen, Buchh\u00e4ndler:innen, Vertriebsfirmen, Druckereien, Galerien oder Institutionen, die sich den urbanen Kulturen widmen: Nehmen Sie an dieser Veranstaltung teil.<br \/>\n Der Bewerbungsaufruf ist bis zum 3. April ge\u00f6ffnet!<br \/>\n<a href=\"https:\/\/docs.google.com\/forms\/d\/e\/1FAIpQLScCYeqOUrdJXUmRTgLCzumy4ll6sNRmMDw7i7Cxn3P-QcI9Dg\/viewform?pli=1\" target=\"_blank\" rel=\"noopener\">Anmeldung<\/a> <\/p>\n<p>\ud83d\udd52 \u00d6ffnungszeiten f\u00fcr das Publikum:<br \/>\n\u2022 Freitag, 8. Mai: 13:00 \u2013 18:30 Uhr<br \/>\n\u2022 Samstag, 9. Mai: 11:00 \u2013 19:00 Uhr<br \/>\n\u2022 Sonntag, 10. Mai: 11:00 \u2013 17:00 Uhr<\/p>\n<p>Weitere Informationen : <a href=\"https:\/\/voelklinger-huette.org\/fr\/expositions\/-\/urban-art-biennale-2026\/985\" target=\"_blank\" rel=\"noopener\">https:\/\/voelklinger-huette.org\/fr\/expositions\/-\/urban-art-biennale-2026\/985<\/a><\/p>\n<p>Diese Veranstaltung wird finanziell durch das Programm Interreg 2021\u20132027 im Rahmen des Projekts GRACE unterst\u00fctzt, das sich der F\u00f6rderung der kulturellen Bildung f\u00fcr alle Einwohner:innen der Gro\u00dfregion widmet.<\/p>\n","protected":false},"excerpt":{"rendered":"<p>Im Jahr 2026 verwandelt die URBAN ART BIENNALE erneut die  [&#8230;]<\/p>\n","protected":false},"author":3,"featured_media":7485,"comment_status":"closed","ping_status":"closed","sticky":false,"template":"","format":"standard","meta":{"_acf_changed":false,"footnotes":""},"categories":[102,159],"tags":[160],"class_list":["post-7487","post","type-post","status-publish","format-standard","has-post-thumbnail","hentry","category-deutschland","category-kulturerbe","tag-kulturerbe"],"acf":[],"yoast_head":"<!-- This site is optimized with the Yoast SEO Premium plugin v24.7 (Yoast SEO v27.3) - https:\/\/yoast.com\/product\/yoast-seo-premium-wordpress\/ -->\n<title>Aufruf zur Bewerbung \u2014 Unlock Book Fair 2026 - Projet GRACE<\/title>\n<meta name=\"robots\" content=\"index, follow, max-snippet:-1, max-image-preview:large, max-video-preview:-1\" \/>\n<link rel=\"canonical\" href=\"https:\/\/interreg-grace.eu\/de\/aufruf-zur-bewerbung-unlock-book-fair-2026\/\" \/>\n<meta property=\"og:locale\" content=\"de_DE\" \/>\n<meta property=\"og:type\" content=\"article\" \/>\n<meta property=\"og:title\" content=\"Aufruf zur Bewerbung \u2014 Unlock Book Fair 2026\" \/>\n<meta property=\"og:description\" content=\"Im Jahr 2026 verwandelt die URBAN ART BIENNALE erneut die [...]\" \/>\n<meta property=\"og:url\" content=\"https:\/\/interreg-grace.eu\/de\/aufruf-zur-bewerbung-unlock-book-fair-2026\/\" \/>\n<meta property=\"og:site_name\" content=\"Projet GRACE\" \/>\n<meta property=\"article:published_time\" content=\"2026-03-26T11:32:26+00:00\" \/>\n<meta property=\"og:image\" content=\"https:\/\/interreg-grace.eu\/wp-content\/uploads\/2026\/03\/1774512321183.jpg\" \/>\n\t<meta property=\"og:image:width\" content=\"1200\" \/>\n\t<meta property=\"og:image:height\" content=\"1500\" \/>\n\t<meta property=\"og:image:type\" content=\"image\/jpeg\" \/>\n<meta name=\"author\" content=\"Ville de Metz\" \/>\n<meta name=\"twitter:card\" content=\"summary_large_image\" \/>\n<meta name=\"twitter:label1\" content=\"Verfasst von\" \/>\n\t<meta name=\"twitter:data1\" content=\"Ville de Metz\" \/>\n\t<meta name=\"twitter:label2\" content=\"Gesch\u00e4tzte Lesezeit\" \/>\n\t<meta name=\"twitter:data2\" content=\"1\u00a0Minute\" \/>\n<script type=\"application\/ld+json\" class=\"yoast-schema-graph\">{\"@context\":\"https:\\\/\\\/schema.org\",\"@graph\":[{\"@type\":\"Article\",\"@id\":\"https:\\\/\\\/interreg-grace.eu\\\/de\\\/aufruf-zur-bewerbung-unlock-book-fair-2026\\\/#article\",\"isPartOf\":{\"@id\":\"https:\\\/\\\/interreg-grace.eu\\\/de\\\/aufruf-zur-bewerbung-unlock-book-fair-2026\\\/\"},\"author\":{\"name\":\"Ville de Metz\",\"@id\":\"https:\\\/\\\/interreg-grace.eu\\\/de\\\/#\\\/schema\\\/person\\\/ccc2374cd4aafa848b195af2f58da273\"},\"headline\":\"Aufruf zur Bewerbung \u2014 Unlock Book Fair 2026\",\"datePublished\":\"2026-03-26T11:32:26+00:00\",\"mainEntityOfPage\":{\"@id\":\"https:\\\/\\\/interreg-grace.eu\\\/de\\\/aufruf-zur-bewerbung-unlock-book-fair-2026\\\/\"},\"wordCount\":177,\"publisher\":{\"@id\":\"https:\\\/\\\/interreg-grace.eu\\\/de\\\/#organization\"},\"image\":{\"@id\":\"https:\\\/\\\/interreg-grace.eu\\\/de\\\/aufruf-zur-bewerbung-unlock-book-fair-2026\\\/#primaryimage\"},\"thumbnailUrl\":\"https:\\\/\\\/interreg-grace.eu\\\/wp-content\\\/uploads\\\/2026\\\/03\\\/1774512321183.jpg\",\"keywords\":[\"Kulturerbe\"],\"articleSection\":[\"Deutschland\",\"Kulturerbe\"],\"inLanguage\":\"de\"},{\"@type\":\"WebPage\",\"@id\":\"https:\\\/\\\/interreg-grace.eu\\\/de\\\/aufruf-zur-bewerbung-unlock-book-fair-2026\\\/\",\"url\":\"https:\\\/\\\/interreg-grace.eu\\\/de\\\/aufruf-zur-bewerbung-unlock-book-fair-2026\\\/\",\"name\":\"Aufruf zur Bewerbung \u2014 Unlock Book Fair 2026 - Projet GRACE\",\"isPartOf\":{\"@id\":\"https:\\\/\\\/interreg-grace.eu\\\/de\\\/#website\"},\"primaryImageOfPage\":{\"@id\":\"https:\\\/\\\/interreg-grace.eu\\\/de\\\/aufruf-zur-bewerbung-unlock-book-fair-2026\\\/#primaryimage\"},\"image\":{\"@id\":\"https:\\\/\\\/interreg-grace.eu\\\/de\\\/aufruf-zur-bewerbung-unlock-book-fair-2026\\\/#primaryimage\"},\"thumbnailUrl\":\"https:\\\/\\\/interreg-grace.eu\\\/wp-content\\\/uploads\\\/2026\\\/03\\\/1774512321183.jpg\",\"datePublished\":\"2026-03-26T11:32:26+00:00\",\"breadcrumb\":{\"@id\":\"https:\\\/\\\/interreg-grace.eu\\\/de\\\/aufruf-zur-bewerbung-unlock-book-fair-2026\\\/#breadcrumb\"},\"inLanguage\":\"de\",\"potentialAction\":[{\"@type\":\"ReadAction\",\"target\":[\"https:\\\/\\\/interreg-grace.eu\\\/de\\\/aufruf-zur-bewerbung-unlock-book-fair-2026\\\/\"]}]},{\"@type\":\"ImageObject\",\"inLanguage\":\"de\",\"@id\":\"https:\\\/\\\/interreg-grace.eu\\\/de\\\/aufruf-zur-bewerbung-unlock-book-fair-2026\\\/#primaryimage\",\"url\":\"https:\\\/\\\/interreg-grace.eu\\\/wp-content\\\/uploads\\\/2026\\\/03\\\/1774512321183.jpg\",\"contentUrl\":\"https:\\\/\\\/interreg-grace.eu\\\/wp-content\\\/uploads\\\/2026\\\/03\\\/1774512321183.jpg\",\"width\":1200,\"height\":1500},{\"@type\":\"BreadcrumbList\",\"@id\":\"https:\\\/\\\/interreg-grace.eu\\\/de\\\/aufruf-zur-bewerbung-unlock-book-fair-2026\\\/#breadcrumb\",\"itemListElement\":[{\"@type\":\"ListItem\",\"position\":1,\"name\":\"Accueil\",\"item\":\"https:\\\/\\\/interreg-grace.eu\\\/de\\\/\"},{\"@type\":\"ListItem\",\"position\":2,\"name\":\"Aufruf zur Bewerbung \u2014 Unlock Book Fair 2026\"}]},{\"@type\":\"WebSite\",\"@id\":\"https:\\\/\\\/interreg-grace.eu\\\/de\\\/#website\",\"url\":\"https:\\\/\\\/interreg-grace.eu\\\/de\\\/\",\"name\":\"Projet GRACE\",\"description\":\"Greater Region Artistic and Cultural Education\",\"publisher\":{\"@id\":\"https:\\\/\\\/interreg-grace.eu\\\/de\\\/#organization\"},\"potentialAction\":[{\"@type\":\"SearchAction\",\"target\":{\"@type\":\"EntryPoint\",\"urlTemplate\":\"https:\\\/\\\/interreg-grace.eu\\\/de\\\/?s={search_term_string}\"},\"query-input\":{\"@type\":\"PropertyValueSpecification\",\"valueRequired\":true,\"valueName\":\"search_term_string\"}}],\"inLanguage\":\"de\"},{\"@type\":\"Organization\",\"@id\":\"https:\\\/\\\/interreg-grace.eu\\\/de\\\/#organization\",\"name\":\"Interreg Grace\",\"alternateName\":\"Greater Region Artistic and Cultural Education\",\"url\":\"https:\\\/\\\/interreg-grace.eu\\\/de\\\/\",\"logo\":{\"@type\":\"ImageObject\",\"inLanguage\":\"de\",\"@id\":\"https:\\\/\\\/interreg-grace.eu\\\/de\\\/#\\\/schema\\\/logo\\\/image\\\/\",\"url\":\"https:\\\/\\\/interreg-grace.eu\\\/wp-content\\\/uploads\\\/2024\\\/08\\\/cropped-favicon-grace.webp\",\"contentUrl\":\"https:\\\/\\\/interreg-grace.eu\\\/wp-content\\\/uploads\\\/2024\\\/08\\\/cropped-favicon-grace.webp\",\"width\":512,\"height\":512,\"caption\":\"Interreg Grace\"},\"image\":{\"@id\":\"https:\\\/\\\/interreg-grace.eu\\\/de\\\/#\\\/schema\\\/logo\\\/image\\\/\"},\"sameAs\":[\"https:\\\/\\\/www.linkedin.com\\\/company\\\/interreg-grace\\\/\"]},{\"@type\":\"Person\",\"@id\":\"https:\\\/\\\/interreg-grace.eu\\\/de\\\/#\\\/schema\\\/person\\\/ccc2374cd4aafa848b195af2f58da273\",\"name\":\"Ville de Metz\",\"image\":{\"@type\":\"ImageObject\",\"inLanguage\":\"de\",\"@id\":\"https:\\\/\\\/secure.gravatar.com\\\/avatar\\\/c73302162b144d30e6007a894a7137797ba0b5d7099a990dd5875641b83c0287?s=96&d=mm&r=g\",\"url\":\"https:\\\/\\\/secure.gravatar.com\\\/avatar\\\/c73302162b144d30e6007a894a7137797ba0b5d7099a990dd5875641b83c0287?s=96&d=mm&r=g\",\"contentUrl\":\"https:\\\/\\\/secure.gravatar.com\\\/avatar\\\/c73302162b144d30e6007a894a7137797ba0b5d7099a990dd5875641b83c0287?s=96&d=mm&r=g\",\"caption\":\"Ville de Metz\"}}]}<\/script>\n<!-- \/ Yoast SEO Premium plugin. -->","yoast_head_json":{"title":"Aufruf zur Bewerbung \u2014 Unlock Book Fair 2026 - Projet GRACE","robots":{"index":"index","follow":"follow","max-snippet":"max-snippet:-1","max-image-preview":"max-image-preview:large","max-video-preview":"max-video-preview:-1"},"canonical":"https:\/\/interreg-grace.eu\/de\/aufruf-zur-bewerbung-unlock-book-fair-2026\/","og_locale":"de_DE","og_type":"article","og_title":"Aufruf zur Bewerbung \u2014 Unlock Book Fair 2026","og_description":"Im Jahr 2026 verwandelt die URBAN ART BIENNALE erneut die [...]","og_url":"https:\/\/interreg-grace.eu\/de\/aufruf-zur-bewerbung-unlock-book-fair-2026\/","og_site_name":"Projet GRACE","article_published_time":"2026-03-26T11:32:26+00:00","og_image":[{"width":1200,"height":1500,"url":"https:\/\/interreg-grace.eu\/wp-content\/uploads\/2026\/03\/1774512321183.jpg","type":"image\/jpeg"}],"author":"Ville de Metz","twitter_card":"summary_large_image","twitter_misc":{"Verfasst von":"Ville de Metz","Gesch\u00e4tzte Lesezeit":"1\u00a0Minute"},"schema":{"@context":"https:\/\/schema.org","@graph":[{"@type":"Article","@id":"https:\/\/interreg-grace.eu\/de\/aufruf-zur-bewerbung-unlock-book-fair-2026\/#article","isPartOf":{"@id":"https:\/\/interreg-grace.eu\/de\/aufruf-zur-bewerbung-unlock-book-fair-2026\/"},"author":{"name":"Ville de Metz","@id":"https:\/\/interreg-grace.eu\/de\/#\/schema\/person\/ccc2374cd4aafa848b195af2f58da273"},"headline":"Aufruf zur Bewerbung \u2014 Unlock Book Fair 2026","datePublished":"2026-03-26T11:32:26+00:00","mainEntityOfPage":{"@id":"https:\/\/interreg-grace.eu\/de\/aufruf-zur-bewerbung-unlock-book-fair-2026\/"},"wordCount":177,"publisher":{"@id":"https:\/\/interreg-grace.eu\/de\/#organization"},"image":{"@id":"https:\/\/interreg-grace.eu\/de\/aufruf-zur-bewerbung-unlock-book-fair-2026\/#primaryimage"},"thumbnailUrl":"https:\/\/interreg-grace.eu\/wp-content\/uploads\/2026\/03\/1774512321183.jpg","keywords":["Kulturerbe"],"articleSection":["Deutschland","Kulturerbe"],"inLanguage":"de"},{"@type":"WebPage","@id":"https:\/\/interreg-grace.eu\/de\/aufruf-zur-bewerbung-unlock-book-fair-2026\/","url":"https:\/\/interreg-grace.eu\/de\/aufruf-zur-bewerbung-unlock-book-fair-2026\/","name":"Aufruf zur Bewerbung \u2014 Unlock Book Fair 2026 - Projet GRACE","isPartOf":{"@id":"https:\/\/interreg-grace.eu\/de\/#website"},"primaryImageOfPage":{"@id":"https:\/\/interreg-grace.eu\/de\/aufruf-zur-bewerbung-unlock-book-fair-2026\/#primaryimage"},"image":{"@id":"https:\/\/interreg-grace.eu\/de\/aufruf-zur-bewerbung-unlock-book-fair-2026\/#primaryimage"},"thumbnailUrl":"https:\/\/interreg-grace.eu\/wp-content\/uploads\/2026\/03\/1774512321183.jpg","datePublished":"2026-03-26T11:32:26+00:00","breadcrumb":{"@id":"https:\/\/interreg-grace.eu\/de\/aufruf-zur-bewerbung-unlock-book-fair-2026\/#breadcrumb"},"inLanguage":"de","potentialAction":[{"@type":"ReadAction","target":["https:\/\/interreg-grace.eu\/de\/aufruf-zur-bewerbung-unlock-book-fair-2026\/"]}]},{"@type":"ImageObject","inLanguage":"de","@id":"https:\/\/interreg-grace.eu\/de\/aufruf-zur-bewerbung-unlock-book-fair-2026\/#primaryimage","url":"https:\/\/interreg-grace.eu\/wp-content\/uploads\/2026\/03\/1774512321183.jpg","contentUrl":"https:\/\/interreg-grace.eu\/wp-content\/uploads\/2026\/03\/1774512321183.jpg","width":1200,"height":1500},{"@type":"BreadcrumbList","@id":"https:\/\/interreg-grace.eu\/de\/aufruf-zur-bewerbung-unlock-book-fair-2026\/#breadcrumb","itemListElement":[{"@type":"ListItem","position":1,"name":"Accueil","item":"https:\/\/interreg-grace.eu\/de\/"},{"@type":"ListItem","position":2,"name":"Aufruf zur Bewerbung \u2014 Unlock Book Fair 2026"}]},{"@type":"WebSite","@id":"https:\/\/interreg-grace.eu\/de\/#website","url":"https:\/\/interreg-grace.eu\/de\/","name":"Projet GRACE","description":"Greater Region Artistic and Cultural Education","publisher":{"@id":"https:\/\/interreg-grace.eu\/de\/#organization"},"potentialAction":[{"@type":"SearchAction","target":{"@type":"EntryPoint","urlTemplate":"https:\/\/interreg-grace.eu\/de\/?s={search_term_string}"},"query-input":{"@type":"PropertyValueSpecification","valueRequired":true,"valueName":"search_term_string"}}],"inLanguage":"de"},{"@type":"Organization","@id":"https:\/\/interreg-grace.eu\/de\/#organization","name":"Interreg Grace","alternateName":"Greater Region Artistic and Cultural Education","url":"https:\/\/interreg-grace.eu\/de\/","logo":{"@type":"ImageObject","inLanguage":"de","@id":"https:\/\/interreg-grace.eu\/de\/#\/schema\/logo\/image\/","url":"https:\/\/interreg-grace.eu\/wp-content\/uploads\/2024\/08\/cropped-favicon-grace.webp","contentUrl":"https:\/\/interreg-grace.eu\/wp-content\/uploads\/2024\/08\/cropped-favicon-grace.webp","width":512,"height":512,"caption":"Interreg Grace"},"image":{"@id":"https:\/\/interreg-grace.eu\/de\/#\/schema\/logo\/image\/"},"sameAs":["https:\/\/www.linkedin.com\/company\/interreg-grace\/"]},{"@type":"Person","@id":"https:\/\/interreg-grace.eu\/de\/#\/schema\/person\/ccc2374cd4aafa848b195af2f58da273","name":"Ville de Metz","image":{"@type":"ImageObject","inLanguage":"de","@id":"https:\/\/secure.gravatar.com\/avatar\/c73302162b144d30e6007a894a7137797ba0b5d7099a990dd5875641b83c0287?s=96&d=mm&r=g","url":"https:\/\/secure.gravatar.com\/avatar\/c73302162b144d30e6007a894a7137797ba0b5d7099a990dd5875641b83c0287?s=96&d=mm&r=g","contentUrl":"https:\/\/secure.gravatar.com\/avatar\/c73302162b144d30e6007a894a7137797ba0b5d7099a990dd5875641b83c0287?s=96&d=mm&r=g","caption":"Ville de Metz"}}]}},"_links":{"self":[{"href":"https:\/\/interreg-grace.eu\/de\/wp-json\/wp\/v2\/posts\/7487","targetHints":{"allow":["GET"]}}],"collection":[{"href":"https:\/\/interreg-grace.eu\/de\/wp-json\/wp\/v2\/posts"}],"about":[{"href":"https:\/\/interreg-grace.eu\/de\/wp-json\/wp\/v2\/types\/post"}],"author":[{"embeddable":true,"href":"https:\/\/interreg-grace.eu\/de\/wp-json\/wp\/v2\/users\/3"}],"replies":[{"embeddable":true,"href":"https:\/\/interreg-grace.eu\/de\/wp-json\/wp\/v2\/comments?post=7487"}],"version-history":[{"count":0,"href":"https:\/\/interreg-grace.eu\/de\/wp-json\/wp\/v2\/posts\/7487\/revisions"}],"wp:featuredmedia":[{"embeddable":true,"href":"https:\/\/interreg-grace.eu\/de\/wp-json\/wp\/v2\/media\/7485"}],"wp:attachment":[{"href":"https:\/\/interreg-grace.eu\/de\/wp-json\/wp\/v2\/media?parent=7487"}],"wp:term":[{"taxonomy":"category","embeddable":true,"href":"https:\/\/interreg-grace.eu\/de\/wp-json\/wp\/v2\/categories?post=7487"},{"taxonomy":"post_tag","embeddable":true,"href":"https:\/\/interreg-grace.eu\/de\/wp-json\/wp\/v2\/tags?post=7487"}],"curies":[{"name":"wp","href":"https:\/\/api.w.org\/{rel}","templated":true}]}}