{"id":7383,"date":"2025-12-10T09:21:33","date_gmt":"2025-12-10T08:21:33","guid":{"rendered":"https:\/\/interreg-grace.eu\/aufruf-zur-bewerbung-forge-video-mapping-festival\/"},"modified":"2026-03-25T12:03:01","modified_gmt":"2026-03-25T11:03:01","slug":"aufruf-zur-bewerbung-forge-video-mapping-festival","status":"publish","type":"post","link":"https:\/\/interreg-grace.eu\/de\/aufruf-zur-bewerbung-forge-video-mapping-festival\/","title":{"rendered":"Aufruf zur Bewerbung \u2013 FORGE Video Mapping Festival"},"content":{"rendered":"<div class=\"fusion-fullwidth fullwidth-box fusion-builder-row-1 fusion-flex-container nonhundred-percent-fullwidth non-hundred-percent-height-scrolling\" style=\"--awb-border-radius-top-left:0px;--awb-border-radius-top-right:0px;--awb-border-radius-bottom-right:0px;--awb-border-radius-bottom-left:0px;--awb-flex-wrap:wrap;\" ><div class=\"fusion-builder-row fusion-row fusion-flex-align-items-flex-start fusion-flex-content-wrap\" style=\"max-width:1372.8px;margin-left: calc(-4% \/ 2 );margin-right: calc(-4% \/ 2 );\"><div class=\"fusion-layout-column fusion_builder_column fusion-builder-column-0 fusion_builder_column_1_1 1_1 fusion-flex-column\" style=\"--awb-bg-size:cover;--awb-width-large:100%;--awb-margin-top-large:0px;--awb-spacing-right-large:1.92%;--awb-margin-bottom-large:0px;--awb-spacing-left-large:1.92%;--awb-width-medium:100%;--awb-spacing-right-medium:1.92%;--awb-spacing-left-medium:1.92%;--awb-width-small:100%;--awb-spacing-right-small:1.92%;--awb-spacing-left-small:1.92%;\"><div class=\"fusion-column-wrapper fusion-flex-justify-content-flex-start fusion-content-layout-column\"><div class=\"fusion-text fusion-text-1\"><div class=\"block block-wysiwyg block--blank element dnadesign__elemental__models__elementcontent\">\n<div class=\"container\">\n<div class=\"row\">\n<div class=\"col-12\">\n<h2 class=\"block-headline\">FORGE Video Mapping Festival<\/h2>\n<p><strong>Die V\u00f6lklinger H\u00fctte l\u00e4dt K\u00fcnstler:innen aus Deutschland, Frankreich, Belgien und Luxemburg ein, die symboltr\u00e4chtigen Industrieanlagen des UNESCO-Weltkulturerbes mittels Videokunst zum Leben zu erwecken.<\/strong><\/p>\n<p>Die V\u00f6lklinger H\u00fctte sucht \u201eau\u00dfergew\u00f6hnliche Video- und Soundarbeiten\u201c, die die monumentale Architektur der Sinteranlage, des Hochofens 1 und der Erzhalle in neue und unerwartete Welten verwandeln k\u00f6nnen. Die Vorschl\u00e4ge m\u00fcssen einen Bezug zum Ort haben und in die Tiefe gehen: hinter die Oberfl\u00e4che blicken, Strukturen sichtbar machen und neue Perspektiven er\u00f6ffnen. <\/p>\n<p>Die ausgew\u00e4hlten Werke werden vom 29. bis 31. Mai 2026 im Rahmen des FORGE Video Mapping Festivals auf dem Erzplatz in einem spektakul\u00e4ren Open-Air-Setting pr\u00e4sentiert. Ein Werk wird von der Jury pr\u00e4miert, und das Publikum hat w\u00e4hrend des Festivals ebenfalls Gelegenheit, seinen Favoriten zu w\u00e4hlen. <\/p>\n<p>Das FORGE-Projekt tr\u00e4gt zu den Zielen des GRACE-Projekts Interreg bei, das darauf abzielt, die k\u00fcnstlerische Bildung allen B\u00fcrgern der Gro\u00dfregion zug\u00e4nglich zu machen, wobei ein besonderer Schwerpunkt auf kulturell benachteiligten Gruppen liegt. Vor diesem Hintergrund werden folgende Workshop-Formate angeboten: <\/p>\n<p>Gemeinsame Kreativworkshops, in denen Jugendliche und Senioren als Experten auf diesem Gebiet gemeinsam mit den K\u00fcnstlern an der Gestaltung der Werke arbeiten.<\/p>\n<p>Formate f\u00fcr inklusive Workshops, in denen beispielsweise analoge Collagen erstellt und anschlie\u00dfend digitalisiert werden; Aufnahme von Ger\u00e4uschen und Sprachsamples aus der V\u00f6lklinger H\u00fctte und von den Teilnehmenden.<\/p>\n<p>Artist Talks: Die teilnehmenden K\u00fcnstler:innen erl\u00e4utern ihr k\u00fcnstlerisches Konzept, den Entstehungsprozess, die verwendete Software sowie die Entscheidungen hinsichtlich der Interaktion zwischen Bild, Architektur und Ton \u2013 idealerweise unmittelbar vor oder w\u00e4hrend der Projektion.<\/p>\n<p>&nbsp;<\/p>\n<p><strong>Bewerbungsschluss ist der 18. Januar 2026 um 23:59 Uhr.<\/strong><\/p>\n<p>&nbsp;<\/p>\n<\/div>\n<\/div>\n<\/div>\n<\/div>\n<div class=\"block block-wysiwyg block--blank element dnadesign__elemental__models__elementcontent\">\n<div class=\"container\">\n<div class=\"row\">\n<div class=\"col-12\">\n<p>Das FORGE Video Mapping Festival ist Teil des GRACE-Projekts und versteht sich als Plattform f\u00fcr k\u00fcnstlerisches Experimentieren, technologische Innovation, \u00d6ffentlichkeitsarbeit und grenz\u00fcberschreitenden Austausch.<\/p>\n<p>Die an FORGE beteiligten Partner des GRACE-Projekts sind die Stadt Metz und ihr internationales Festival \u201eConstellations de Metz\u201c, das 2026 sein zehnj\u00e4hriges Bestehen feiert, der Kultur- und Begegnungsort Bliiida (Metz), die Rotondes (Luxemburg) und das Th\u00e9\u00e2tre de Li\u00e8ge (Belgien). Das Apollon Festival (Saarbr\u00fccken) ist ebenfalls als assoziierter Partner beteiligt. <\/p>\n<p>&nbsp;<\/p>\n<\/div>\n<\/div>\n<\/div>\n<\/div>\n<h2><span class=\"--l --r hover:bg-blue-100 hover:dark:bg-blue-600\">Weitere Infos<\/span><\/h2>\n<p>Alle Informationen und Bewerbungsunterlagen:<br \/>https:\/\/voelklinger-huette.org\/de\/home<br \/>\n<a href=\"https:\/\/voelklinger-huette.org\/fr\/autres\/forge-video-mapping\/\"><strong>https:\/\/voelklinger-huette.org\/fr\/home<br \/>\n <\/strong><\/a><\/p>\n<p>&nbsp;<\/p>\n<h2>N\u00fctzliche <span class=\"--l --r hover:bg-blue-100 hover:dark:bg-blue-600\">Dokumente <\/span>zum Herunterladen<\/h2>\n<p>Alle Informationen zum <strong>FORGE <\/strong>Video Mapping Festival, zu den Bewerbungsmodalit\u00e4ten, den Teilnahmebedingungen, den finanziellen Aspekten, dem Zeitplan usw. finden Sie auf der Website der V\u00f6lklinger H\u00fctte sowie in den unten zum Download bereitstehenden PDF-Dokumenten.<\/p>\n<ul>\n<li><strong><a href=\"https:\/\/interreg-grace.eu\/wp-content\/uploads\/2025\/12\/FORGE_Video-Mapping_appel-a-projets-en-francais__.pdf\">FORGE_Video Mapping_appel a\u0300 projets en francais__<\/a><\/strong><\/li>\n<li><a href=\"https:\/\/voelklinger-huette.org\/assets\/Text_PDF_Dateien\/Unterlagen-Forge\/Formulaire_de_candidature_FR.pdf\"><strong>Bewerbungsformular (Anlage 1)<\/strong><\/a><\/li>\n<li><a href=\"https:\/\/voelklinger-huette.org\/assets\/Text_PDF_Dateien\/Unterlagen-Forge\/Declaration_propriete-intell_legal_FR.pdf\"><strong>Urheberrechtserkl\u00e4rung (Anlage 2)<\/strong><\/a><\/li>\n<li><a href=\"https:\/\/wke.saar-storage.de\/s\/k7tX8PmiALXeHpP\"><strong><span class=\"--l --r hover:bg-blue-100 hover:dark:bg-blue-600\">Die <\/span><span class=\"--l --r hover:bg-blue-100 hover:dark:bg-blue-600\">technischen <\/span><span class=\"--l --r hover:bg-blue-100 hover:dark:bg-blue-600\">Spezifikationen <\/span>zum <span class=\"--l --r hover:bg-blue-100 hover:dark:bg-blue-600\">Download <\/span>(Zip)<\/strong><\/a><\/li>\n<\/ul>\n<\/div><\/div><\/div><\/div><\/div>\n","protected":false},"excerpt":{"rendered":"","protected":false},"author":3,"featured_media":7082,"comment_status":"open","ping_status":"open","sticky":false,"template":"","format":"standard","meta":{"_acf_changed":false,"footnotes":""},"categories":[107,102],"tags":[100],"class_list":["post-7383","post","type-post","status-publish","format-standard","has-post-thumbnail","hentry","category-arts-numeriques-de","category-deutschland","tag-digitale-kunste"],"acf":[],"yoast_head":"<!-- This site is optimized with the Yoast SEO Premium plugin v24.7 (Yoast SEO v27.3) - https:\/\/yoast.com\/product\/yoast-seo-premium-wordpress\/ -->\n<title>Aufruf zur Bewerbung \u2013 FORGE Video Mapping Festival - Projet GRACE<\/title>\n<meta name=\"robots\" content=\"index, follow, max-snippet:-1, max-image-preview:large, max-video-preview:-1\" \/>\n<link rel=\"canonical\" href=\"https:\/\/interreg-grace.eu\/de\/aufruf-zur-bewerbung-forge-video-mapping-festival\/\" \/>\n<meta property=\"og:locale\" content=\"de_DE\" \/>\n<meta property=\"og:type\" content=\"article\" \/>\n<meta property=\"og:title\" content=\"Aufruf zur Bewerbung \u2013 FORGE Video Mapping Festival\" \/>\n<meta property=\"og:url\" content=\"https:\/\/interreg-grace.eu\/de\/aufruf-zur-bewerbung-forge-video-mapping-festival\/\" \/>\n<meta property=\"og:site_name\" content=\"Projet GRACE\" \/>\n<meta property=\"article:published_time\" content=\"2025-12-10T08:21:33+00:00\" \/>\n<meta property=\"article:modified_time\" content=\"2026-03-25T11:03:01+00:00\" \/>\n<meta property=\"og:image\" content=\"https:\/\/interreg-grace.eu\/wp-content\/uploads\/2025\/12\/Capture-decran-2025-12-10-081214.png\" \/>\n\t<meta property=\"og:image:width\" content=\"905\" \/>\n\t<meta property=\"og:image:height\" content=\"601\" \/>\n\t<meta property=\"og:image:type\" content=\"image\/png\" \/>\n<meta name=\"author\" content=\"Ville de Metz\" \/>\n<meta name=\"twitter:card\" content=\"summary_large_image\" \/>\n<meta name=\"twitter:label1\" content=\"Verfasst von\" \/>\n\t<meta name=\"twitter:data1\" content=\"Ville de Metz\" \/>\n\t<meta name=\"twitter:label2\" content=\"Gesch\u00e4tzte Lesezeit\" \/>\n\t<meta name=\"twitter:data2\" content=\"3\u00a0Minuten\" \/>\n<script type=\"application\/ld+json\" class=\"yoast-schema-graph\">{\"@context\":\"https:\\\/\\\/schema.org\",\"@graph\":[{\"@type\":\"Article\",\"@id\":\"https:\\\/\\\/interreg-grace.eu\\\/de\\\/aufruf-zur-bewerbung-forge-video-mapping-festival\\\/#article\",\"isPartOf\":{\"@id\":\"https:\\\/\\\/interreg-grace.eu\\\/de\\\/aufruf-zur-bewerbung-forge-video-mapping-festival\\\/\"},\"author\":{\"name\":\"Ville de Metz\",\"@id\":\"https:\\\/\\\/interreg-grace.eu\\\/de\\\/#\\\/schema\\\/person\\\/ccc2374cd4aafa848b195af2f58da273\"},\"headline\":\"Aufruf zur Bewerbung \u2013 FORGE Video Mapping Festival\",\"datePublished\":\"2025-12-10T08:21:33+00:00\",\"dateModified\":\"2026-03-25T11:03:01+00:00\",\"mainEntityOfPage\":{\"@id\":\"https:\\\/\\\/interreg-grace.eu\\\/de\\\/aufruf-zur-bewerbung-forge-video-mapping-festival\\\/\"},\"wordCount\":619,\"commentCount\":0,\"publisher\":{\"@id\":\"https:\\\/\\\/interreg-grace.eu\\\/de\\\/#organization\"},\"image\":{\"@id\":\"https:\\\/\\\/interreg-grace.eu\\\/de\\\/aufruf-zur-bewerbung-forge-video-mapping-festival\\\/#primaryimage\"},\"thumbnailUrl\":\"https:\\\/\\\/interreg-grace.eu\\\/wp-content\\\/uploads\\\/2025\\\/12\\\/Capture-decran-2025-12-10-081214.png\",\"keywords\":[\"Digitale K\u00fcnste\"],\"articleSection\":[\"Arts num\u00e9riques\",\"Deutschland\"],\"inLanguage\":\"de\",\"potentialAction\":[{\"@type\":\"CommentAction\",\"name\":\"Comment\",\"target\":[\"https:\\\/\\\/interreg-grace.eu\\\/de\\\/aufruf-zur-bewerbung-forge-video-mapping-festival\\\/#respond\"]}]},{\"@type\":\"WebPage\",\"@id\":\"https:\\\/\\\/interreg-grace.eu\\\/de\\\/aufruf-zur-bewerbung-forge-video-mapping-festival\\\/\",\"url\":\"https:\\\/\\\/interreg-grace.eu\\\/de\\\/aufruf-zur-bewerbung-forge-video-mapping-festival\\\/\",\"name\":\"Aufruf zur Bewerbung \u2013 FORGE Video Mapping Festival - Projet GRACE\",\"isPartOf\":{\"@id\":\"https:\\\/\\\/interreg-grace.eu\\\/de\\\/#website\"},\"primaryImageOfPage\":{\"@id\":\"https:\\\/\\\/interreg-grace.eu\\\/de\\\/aufruf-zur-bewerbung-forge-video-mapping-festival\\\/#primaryimage\"},\"image\":{\"@id\":\"https:\\\/\\\/interreg-grace.eu\\\/de\\\/aufruf-zur-bewerbung-forge-video-mapping-festival\\\/#primaryimage\"},\"thumbnailUrl\":\"https:\\\/\\\/interreg-grace.eu\\\/wp-content\\\/uploads\\\/2025\\\/12\\\/Capture-decran-2025-12-10-081214.png\",\"datePublished\":\"2025-12-10T08:21:33+00:00\",\"dateModified\":\"2026-03-25T11:03:01+00:00\",\"breadcrumb\":{\"@id\":\"https:\\\/\\\/interreg-grace.eu\\\/de\\\/aufruf-zur-bewerbung-forge-video-mapping-festival\\\/#breadcrumb\"},\"inLanguage\":\"de\",\"potentialAction\":[{\"@type\":\"ReadAction\",\"target\":[\"https:\\\/\\\/interreg-grace.eu\\\/de\\\/aufruf-zur-bewerbung-forge-video-mapping-festival\\\/\"]}]},{\"@type\":\"ImageObject\",\"inLanguage\":\"de\",\"@id\":\"https:\\\/\\\/interreg-grace.eu\\\/de\\\/aufruf-zur-bewerbung-forge-video-mapping-festival\\\/#primaryimage\",\"url\":\"https:\\\/\\\/interreg-grace.eu\\\/wp-content\\\/uploads\\\/2025\\\/12\\\/Capture-decran-2025-12-10-081214.png\",\"contentUrl\":\"https:\\\/\\\/interreg-grace.eu\\\/wp-content\\\/uploads\\\/2025\\\/12\\\/Capture-decran-2025-12-10-081214.png\",\"width\":905,\"height\":601},{\"@type\":\"BreadcrumbList\",\"@id\":\"https:\\\/\\\/interreg-grace.eu\\\/de\\\/aufruf-zur-bewerbung-forge-video-mapping-festival\\\/#breadcrumb\",\"itemListElement\":[{\"@type\":\"ListItem\",\"position\":1,\"name\":\"Accueil\",\"item\":\"https:\\\/\\\/interreg-grace.eu\\\/de\\\/\"},{\"@type\":\"ListItem\",\"position\":2,\"name\":\"Aufruf zur Bewerbung \u2013 FORGE Video Mapping Festival\"}]},{\"@type\":\"WebSite\",\"@id\":\"https:\\\/\\\/interreg-grace.eu\\\/de\\\/#website\",\"url\":\"https:\\\/\\\/interreg-grace.eu\\\/de\\\/\",\"name\":\"Projet GRACE\",\"description\":\"Greater Region Artistic and Cultural Education\",\"publisher\":{\"@id\":\"https:\\\/\\\/interreg-grace.eu\\\/de\\\/#organization\"},\"potentialAction\":[{\"@type\":\"SearchAction\",\"target\":{\"@type\":\"EntryPoint\",\"urlTemplate\":\"https:\\\/\\\/interreg-grace.eu\\\/de\\\/?s={search_term_string}\"},\"query-input\":{\"@type\":\"PropertyValueSpecification\",\"valueRequired\":true,\"valueName\":\"search_term_string\"}}],\"inLanguage\":\"de\"},{\"@type\":\"Organization\",\"@id\":\"https:\\\/\\\/interreg-grace.eu\\\/de\\\/#organization\",\"name\":\"Interreg Grace\",\"alternateName\":\"Greater Region Artistic and Cultural Education\",\"url\":\"https:\\\/\\\/interreg-grace.eu\\\/de\\\/\",\"logo\":{\"@type\":\"ImageObject\",\"inLanguage\":\"de\",\"@id\":\"https:\\\/\\\/interreg-grace.eu\\\/de\\\/#\\\/schema\\\/logo\\\/image\\\/\",\"url\":\"https:\\\/\\\/interreg-grace.eu\\\/wp-content\\\/uploads\\\/2024\\\/08\\\/cropped-favicon-grace.webp\",\"contentUrl\":\"https:\\\/\\\/interreg-grace.eu\\\/wp-content\\\/uploads\\\/2024\\\/08\\\/cropped-favicon-grace.webp\",\"width\":512,\"height\":512,\"caption\":\"Interreg Grace\"},\"image\":{\"@id\":\"https:\\\/\\\/interreg-grace.eu\\\/de\\\/#\\\/schema\\\/logo\\\/image\\\/\"},\"sameAs\":[\"https:\\\/\\\/www.linkedin.com\\\/company\\\/interreg-grace\\\/\"]},{\"@type\":\"Person\",\"@id\":\"https:\\\/\\\/interreg-grace.eu\\\/de\\\/#\\\/schema\\\/person\\\/ccc2374cd4aafa848b195af2f58da273\",\"name\":\"Ville de Metz\",\"image\":{\"@type\":\"ImageObject\",\"inLanguage\":\"de\",\"@id\":\"https:\\\/\\\/secure.gravatar.com\\\/avatar\\\/c73302162b144d30e6007a894a7137797ba0b5d7099a990dd5875641b83c0287?s=96&d=mm&r=g\",\"url\":\"https:\\\/\\\/secure.gravatar.com\\\/avatar\\\/c73302162b144d30e6007a894a7137797ba0b5d7099a990dd5875641b83c0287?s=96&d=mm&r=g\",\"contentUrl\":\"https:\\\/\\\/secure.gravatar.com\\\/avatar\\\/c73302162b144d30e6007a894a7137797ba0b5d7099a990dd5875641b83c0287?s=96&d=mm&r=g\",\"caption\":\"Ville de Metz\"}}]}<\/script>\n<!-- \/ Yoast SEO Premium plugin. -->","yoast_head_json":{"title":"Aufruf zur Bewerbung \u2013 FORGE Video Mapping Festival - Projet GRACE","robots":{"index":"index","follow":"follow","max-snippet":"max-snippet:-1","max-image-preview":"max-image-preview:large","max-video-preview":"max-video-preview:-1"},"canonical":"https:\/\/interreg-grace.eu\/de\/aufruf-zur-bewerbung-forge-video-mapping-festival\/","og_locale":"de_DE","og_type":"article","og_title":"Aufruf zur Bewerbung \u2013 FORGE Video Mapping Festival","og_url":"https:\/\/interreg-grace.eu\/de\/aufruf-zur-bewerbung-forge-video-mapping-festival\/","og_site_name":"Projet GRACE","article_published_time":"2025-12-10T08:21:33+00:00","article_modified_time":"2026-03-25T11:03:01+00:00","og_image":[{"width":905,"height":601,"url":"https:\/\/interreg-grace.eu\/wp-content\/uploads\/2025\/12\/Capture-decran-2025-12-10-081214.png","type":"image\/png"}],"author":"Ville de Metz","twitter_card":"summary_large_image","twitter_misc":{"Verfasst von":"Ville de Metz","Gesch\u00e4tzte Lesezeit":"3\u00a0Minuten"},"schema":{"@context":"https:\/\/schema.org","@graph":[{"@type":"Article","@id":"https:\/\/interreg-grace.eu\/de\/aufruf-zur-bewerbung-forge-video-mapping-festival\/#article","isPartOf":{"@id":"https:\/\/interreg-grace.eu\/de\/aufruf-zur-bewerbung-forge-video-mapping-festival\/"},"author":{"name":"Ville de Metz","@id":"https:\/\/interreg-grace.eu\/de\/#\/schema\/person\/ccc2374cd4aafa848b195af2f58da273"},"headline":"Aufruf zur Bewerbung \u2013 FORGE Video Mapping Festival","datePublished":"2025-12-10T08:21:33+00:00","dateModified":"2026-03-25T11:03:01+00:00","mainEntityOfPage":{"@id":"https:\/\/interreg-grace.eu\/de\/aufruf-zur-bewerbung-forge-video-mapping-festival\/"},"wordCount":619,"commentCount":0,"publisher":{"@id":"https:\/\/interreg-grace.eu\/de\/#organization"},"image":{"@id":"https:\/\/interreg-grace.eu\/de\/aufruf-zur-bewerbung-forge-video-mapping-festival\/#primaryimage"},"thumbnailUrl":"https:\/\/interreg-grace.eu\/wp-content\/uploads\/2025\/12\/Capture-decran-2025-12-10-081214.png","keywords":["Digitale K\u00fcnste"],"articleSection":["Arts num\u00e9riques","Deutschland"],"inLanguage":"de","potentialAction":[{"@type":"CommentAction","name":"Comment","target":["https:\/\/interreg-grace.eu\/de\/aufruf-zur-bewerbung-forge-video-mapping-festival\/#respond"]}]},{"@type":"WebPage","@id":"https:\/\/interreg-grace.eu\/de\/aufruf-zur-bewerbung-forge-video-mapping-festival\/","url":"https:\/\/interreg-grace.eu\/de\/aufruf-zur-bewerbung-forge-video-mapping-festival\/","name":"Aufruf zur Bewerbung \u2013 FORGE Video Mapping Festival - Projet GRACE","isPartOf":{"@id":"https:\/\/interreg-grace.eu\/de\/#website"},"primaryImageOfPage":{"@id":"https:\/\/interreg-grace.eu\/de\/aufruf-zur-bewerbung-forge-video-mapping-festival\/#primaryimage"},"image":{"@id":"https:\/\/interreg-grace.eu\/de\/aufruf-zur-bewerbung-forge-video-mapping-festival\/#primaryimage"},"thumbnailUrl":"https:\/\/interreg-grace.eu\/wp-content\/uploads\/2025\/12\/Capture-decran-2025-12-10-081214.png","datePublished":"2025-12-10T08:21:33+00:00","dateModified":"2026-03-25T11:03:01+00:00","breadcrumb":{"@id":"https:\/\/interreg-grace.eu\/de\/aufruf-zur-bewerbung-forge-video-mapping-festival\/#breadcrumb"},"inLanguage":"de","potentialAction":[{"@type":"ReadAction","target":["https:\/\/interreg-grace.eu\/de\/aufruf-zur-bewerbung-forge-video-mapping-festival\/"]}]},{"@type":"ImageObject","inLanguage":"de","@id":"https:\/\/interreg-grace.eu\/de\/aufruf-zur-bewerbung-forge-video-mapping-festival\/#primaryimage","url":"https:\/\/interreg-grace.eu\/wp-content\/uploads\/2025\/12\/Capture-decran-2025-12-10-081214.png","contentUrl":"https:\/\/interreg-grace.eu\/wp-content\/uploads\/2025\/12\/Capture-decran-2025-12-10-081214.png","width":905,"height":601},{"@type":"BreadcrumbList","@id":"https:\/\/interreg-grace.eu\/de\/aufruf-zur-bewerbung-forge-video-mapping-festival\/#breadcrumb","itemListElement":[{"@type":"ListItem","position":1,"name":"Accueil","item":"https:\/\/interreg-grace.eu\/de\/"},{"@type":"ListItem","position":2,"name":"Aufruf zur Bewerbung \u2013 FORGE Video Mapping Festival"}]},{"@type":"WebSite","@id":"https:\/\/interreg-grace.eu\/de\/#website","url":"https:\/\/interreg-grace.eu\/de\/","name":"Projet GRACE","description":"Greater Region Artistic and Cultural Education","publisher":{"@id":"https:\/\/interreg-grace.eu\/de\/#organization"},"potentialAction":[{"@type":"SearchAction","target":{"@type":"EntryPoint","urlTemplate":"https:\/\/interreg-grace.eu\/de\/?s={search_term_string}"},"query-input":{"@type":"PropertyValueSpecification","valueRequired":true,"valueName":"search_term_string"}}],"inLanguage":"de"},{"@type":"Organization","@id":"https:\/\/interreg-grace.eu\/de\/#organization","name":"Interreg Grace","alternateName":"Greater Region Artistic and Cultural Education","url":"https:\/\/interreg-grace.eu\/de\/","logo":{"@type":"ImageObject","inLanguage":"de","@id":"https:\/\/interreg-grace.eu\/de\/#\/schema\/logo\/image\/","url":"https:\/\/interreg-grace.eu\/wp-content\/uploads\/2024\/08\/cropped-favicon-grace.webp","contentUrl":"https:\/\/interreg-grace.eu\/wp-content\/uploads\/2024\/08\/cropped-favicon-grace.webp","width":512,"height":512,"caption":"Interreg Grace"},"image":{"@id":"https:\/\/interreg-grace.eu\/de\/#\/schema\/logo\/image\/"},"sameAs":["https:\/\/www.linkedin.com\/company\/interreg-grace\/"]},{"@type":"Person","@id":"https:\/\/interreg-grace.eu\/de\/#\/schema\/person\/ccc2374cd4aafa848b195af2f58da273","name":"Ville de Metz","image":{"@type":"ImageObject","inLanguage":"de","@id":"https:\/\/secure.gravatar.com\/avatar\/c73302162b144d30e6007a894a7137797ba0b5d7099a990dd5875641b83c0287?s=96&d=mm&r=g","url":"https:\/\/secure.gravatar.com\/avatar\/c73302162b144d30e6007a894a7137797ba0b5d7099a990dd5875641b83c0287?s=96&d=mm&r=g","contentUrl":"https:\/\/secure.gravatar.com\/avatar\/c73302162b144d30e6007a894a7137797ba0b5d7099a990dd5875641b83c0287?s=96&d=mm&r=g","caption":"Ville de Metz"}}]}},"_links":{"self":[{"href":"https:\/\/interreg-grace.eu\/de\/wp-json\/wp\/v2\/posts\/7383","targetHints":{"allow":["GET"]}}],"collection":[{"href":"https:\/\/interreg-grace.eu\/de\/wp-json\/wp\/v2\/posts"}],"about":[{"href":"https:\/\/interreg-grace.eu\/de\/wp-json\/wp\/v2\/types\/post"}],"author":[{"embeddable":true,"href":"https:\/\/interreg-grace.eu\/de\/wp-json\/wp\/v2\/users\/3"}],"replies":[{"embeddable":true,"href":"https:\/\/interreg-grace.eu\/de\/wp-json\/wp\/v2\/comments?post=7383"}],"version-history":[{"count":2,"href":"https:\/\/interreg-grace.eu\/de\/wp-json\/wp\/v2\/posts\/7383\/revisions"}],"predecessor-version":[{"id":7385,"href":"https:\/\/interreg-grace.eu\/de\/wp-json\/wp\/v2\/posts\/7383\/revisions\/7385"}],"wp:featuredmedia":[{"embeddable":true,"href":"https:\/\/interreg-grace.eu\/de\/wp-json\/wp\/v2\/media\/7082"}],"wp:attachment":[{"href":"https:\/\/interreg-grace.eu\/de\/wp-json\/wp\/v2\/media?parent=7383"}],"wp:term":[{"taxonomy":"category","embeddable":true,"href":"https:\/\/interreg-grace.eu\/de\/wp-json\/wp\/v2\/categories?post=7383"},{"taxonomy":"post_tag","embeddable":true,"href":"https:\/\/interreg-grace.eu\/de\/wp-json\/wp\/v2\/tags?post=7383"}],"curies":[{"name":"wp","href":"https:\/\/api.w.org\/{rel}","templated":true}]}}