{"id":7382,"date":"2025-12-24T09:14:10","date_gmt":"2025-12-24T08:14:10","guid":{"rendered":"https:\/\/interreg-grace.eu\/grace-programmkoordination-und-pressekonferenz-in-der-voelklinger-huette\/"},"modified":"2025-12-24T09:14:10","modified_gmt":"2025-12-24T08:14:10","slug":"grace-programmkoordination-und-pressekonferenz-in-der-voelklinger-huette","status":"publish","type":"post","link":"https:\/\/interreg-grace.eu\/de\/grace-programmkoordination-und-pressekonferenz-in-der-voelklinger-huette\/","title":{"rendered":"GRACE-Programmkoordination und Pressekonferenz in der V\u00f6lklinger H\u00fctte"},"content":{"rendered":"<p><strong>Eine Halbzeitbilanz und neue Perspektiven f\u00fcr 2026<\/strong><\/p>\n<p>Im Anschluss an die Sitzung der Programmkoordination (PROKO), die am Donnerstag, dem 4., und Freitag, dem 5. Dezember, in der V\u00f6lklinger H\u00fctte in Deutschland \u2013 einem zum UNESCO-Weltkulturerbe geh\u00f6renden Stahlwerksgel\u00e4nde \u2013 stattfand \u2013 kamen die Partner des Interreg-Projekts GRACE zusammen, um eine Halbzeitbilanz der seit 2024 umgesetzten Aktionen zu ziehen und die f\u00fcr 2026 geplanten Arbeitsschwerpunkte vorzustellen. An diesem Treffen nahmen die 25 grenz\u00fcberschreitenden Projektpartner teil. Das Treffen war gepr\u00e4gt von einem besonders intensiven und konstruktiven Austausch, der die Lebendigkeit der kulturellen Zusammenarbeit in der Gro\u00dfregion verdeutlichte.  <\/p>\n<p>Seit 2024 setzt das GRACE-Projekt eine Reihe ehrgeiziger Initiativen um, die darauf abzielen, die k\u00fcnstlerische und kulturelle Bildung einem m\u00f6glichst breiten Publikum zug\u00e4nglich zu machen. Zur Halbzeit wurden bereits rund 150 Aktionen umgesetzt und mehr als f\u00fcnfzig K\u00fcnstler aus verschiedenen Regionen mobilisiert. Fachtreffen, Webinare, thematische Konferenzen und grenz\u00fcberschreitende Residenzen haben dazu beigetragen, neue Br\u00fccken zwischen den Disziplinen zu schlagen und innovative Ans\u00e4tze der Kulturvermittlung zu erproben.  <\/p>\n<p>In den Bereichen darstellende Kunst, digitale Kunst, Literatur und urbane Kunst konnten durch zahlreiche partizipative Workshops vielf\u00e4ltige Zielgruppen erreicht werden. Kinder, Jugendliche, sehr junge Menschen, Studierende, neu zugezogene B\u00fcrger, Menschen in sozial oder wirtschaftlich prek\u00e4ren Situationen, Menschen mit Behinderung, Fachleute und Kulturvermittler sowie Rentner und Senioren konnten so an kreativen Projekten teilnehmen, die die Entdeckung neuer Horizonte, den interkulturellen Dialog und die B\u00fcrgerbeteiligung f\u00f6rderten. <\/p>\n<p>Am Freitag fand eine Pressekonferenz statt, um diese Bilanz vorzustellen und die Perspektiven f\u00fcr die weitere Entwicklung des Programms zu erl\u00e4utern. Zudem wurde die Einf\u00fchrung des FORGE Video Mapping Festivals angek\u00fcndigt, einer neuen Veranstaltung, die von der V\u00f6lklinger H\u00fctte in Zusammenarbeit mit den GRACE-Partnern organisiert wird: der Stadt Metz, dem internationalen Festival Constellations de Metz, Bliiida, den Rotondes, dem Th\u00e9\u00e2tre de Li\u00e8ge sowie dem Apollon Festival in Saarbr\u00fccken, das sich dem zeitgen\u00f6ssischen audiovisuellen Schaffen widmet. Die Veranstaltung fand gro\u00dfe Beachtung in den Medien; franz\u00f6sisch- und deutschsprachige Medien waren vor Ort und produzierten kurze TV-Beitr\u00e4ge sowie einen Zeitungsartikel.  <\/p>\n<p>Im Jahr 2026 wird GRACE diese Dynamik durch neue Austauschresidenzen, partizipative Kreativprojekte und Ma\u00dfnahmen zur generations\u00fcbergreifenden Vermittlung fortsetzen. Das Programm wird den Fokus auf die Ausbildung, den Austausch bew\u00e4hrter Praktiken, die Pr\u00e4sentation von Werken sowie die Aufwertung des gemeinsamen k\u00fcnstlerischen und industriellen Erbes legen. Diese Schwerpunkte werden die seit 2024 bestehenden Netzwerke st\u00e4rken und die Grundlagen f\u00fcr eine nachhaltige kulturelle Zusammenarbeit im grenz\u00fcberschreitenden Raum schaffen.  <\/p>\n<p>Der Artikel aus der Saarbr\u00fccker Zeitung: <a href=\"https:\/\/interreg-grace.eu\/wp-content\/uploads\/2025\/12\/25_12_06-Saarbrucker-Zeitung_Festival-FORGE_GRACE-1.pdf\">25_12_06 Saarbr\u00fccker Zeitung_Festival FORGE_GRACE<\/a><\/p>\n<p>Ausschnitt aus einer Sendung des SR: <a href=\"https:\/\/www.sr-mediathek.de\/index.php?seite=7&amp;id=161609&amp;startvid=4\">SR-Mediathek.de: aktueller bericht am Sonntag (07.12.2025)<\/a><\/p>\n<p>Ausschnitt aus einer Sendung von France 3: <a href=\"https:\/\/drive.google.com\/file\/d\/1sEjcQnIez_Cba6t8gRw9rBao64U1uEK-\/view?usp=drive_link\" target=\"_blank\" rel=\"noopener\">Extrait du journal France 3 Lorraine du 5 d\u00e9cembre 2025<\/a><\/p>\n","protected":false},"excerpt":{"rendered":"<p>Eine Halbzeitbilanz und neue Perspektiven f\u00fcr 2026 Im Anschluss an  [&#8230;]<\/p>\n","protected":false},"author":3,"featured_media":7099,"comment_status":"closed","ping_status":"closed","sticky":false,"template":"","format":"standard","meta":{"_acf_changed":false,"footnotes":""},"categories":[106,102],"tags":[],"class_list":["post-7382","post","type-post","status-publish","format-standard","has-post-thumbnail","hentry","category-andere","category-deutschland"],"acf":[],"yoast_head":"<!-- This site is optimized with the Yoast SEO Premium plugin v24.7 (Yoast SEO v27.3) - https:\/\/yoast.com\/product\/yoast-seo-premium-wordpress\/ -->\n<title>GRACE-Programmkoordination und Pressekonferenz in der V\u00f6lklinger H\u00fctte - Projet GRACE<\/title>\n<meta name=\"description\" content=\"Im Anschluss an die Sitzung der Programmkoordination 2025 kamen die Partner des GRACE-Projekts Interreg zusammen, um eine Bilanz der seit 2024 umgesetzten Aktionen zu ziehen und die f\u00fcr 2026 geplanten Aktionen vorzustellen.\" \/>\n<meta name=\"robots\" content=\"index, follow, max-snippet:-1, max-image-preview:large, max-video-preview:-1\" \/>\n<link rel=\"canonical\" href=\"https:\/\/interreg-grace.eu\/de\/grace-programmkoordination-und-pressekonferenz-in-der-voelklinger-huette\/\" \/>\n<meta property=\"og:locale\" content=\"de_DE\" \/>\n<meta property=\"og:type\" content=\"article\" \/>\n<meta property=\"og:title\" content=\"GRACE-Programmkoordination und Pressekonferenz in der V\u00f6lklinger H\u00fctte\" \/>\n<meta property=\"og:description\" content=\"Im Anschluss an die Sitzung der Programmkoordination 2025 kamen die Partner des GRACE-Projekts Interreg zusammen, um eine Bilanz der seit 2024 umgesetzten Aktionen zu ziehen und die f\u00fcr 2026 geplanten Aktionen vorzustellen.\" \/>\n<meta property=\"og:url\" content=\"https:\/\/interreg-grace.eu\/de\/grace-programmkoordination-und-pressekonferenz-in-der-voelklinger-huette\/\" \/>\n<meta property=\"og:site_name\" content=\"Projet GRACE\" \/>\n<meta property=\"article:published_time\" content=\"2025-12-24T08:14:10+00:00\" \/>\n<meta property=\"og:image\" content=\"https:\/\/interreg-grace.eu\/wp-content\/uploads\/2025\/12\/74b48c37-bf61-4c74-8140-be15fdb72a50.jpeg\" \/>\n\t<meta property=\"og:image:width\" content=\"1600\" \/>\n\t<meta property=\"og:image:height\" content=\"1200\" \/>\n\t<meta property=\"og:image:type\" content=\"image\/jpeg\" \/>\n<meta name=\"author\" content=\"Ville de Metz\" \/>\n<meta name=\"twitter:card\" content=\"summary_large_image\" \/>\n<meta name=\"twitter:label1\" content=\"Verfasst von\" \/>\n\t<meta name=\"twitter:data1\" content=\"Ville de Metz\" \/>\n\t<meta name=\"twitter:label2\" content=\"Gesch\u00e4tzte Lesezeit\" \/>\n\t<meta name=\"twitter:data2\" content=\"2\u00a0Minuten\" \/>\n<script type=\"application\/ld+json\" class=\"yoast-schema-graph\">{\"@context\":\"https:\\\/\\\/schema.org\",\"@graph\":[{\"@type\":\"Article\",\"@id\":\"https:\\\/\\\/interreg-grace.eu\\\/de\\\/grace-programmkoordination-und-pressekonferenz-in-der-voelklinger-huette\\\/#article\",\"isPartOf\":{\"@id\":\"https:\\\/\\\/interreg-grace.eu\\\/de\\\/grace-programmkoordination-und-pressekonferenz-in-der-voelklinger-huette\\\/\"},\"author\":{\"name\":\"Ville de Metz\",\"@id\":\"https:\\\/\\\/interreg-grace.eu\\\/de\\\/#\\\/schema\\\/person\\\/ccc2374cd4aafa848b195af2f58da273\"},\"headline\":\"GRACE-Programmkoordination und Pressekonferenz in der V\u00f6lklinger H\u00fctte\",\"datePublished\":\"2025-12-24T08:14:10+00:00\",\"mainEntityOfPage\":{\"@id\":\"https:\\\/\\\/interreg-grace.eu\\\/de\\\/grace-programmkoordination-und-pressekonferenz-in-der-voelklinger-huette\\\/\"},\"wordCount\":464,\"publisher\":{\"@id\":\"https:\\\/\\\/interreg-grace.eu\\\/de\\\/#organization\"},\"image\":{\"@id\":\"https:\\\/\\\/interreg-grace.eu\\\/de\\\/grace-programmkoordination-und-pressekonferenz-in-der-voelklinger-huette\\\/#primaryimage\"},\"thumbnailUrl\":\"https:\\\/\\\/interreg-grace.eu\\\/wp-content\\\/uploads\\\/2025\\\/12\\\/74b48c37-bf61-4c74-8140-be15fdb72a50.jpeg\",\"articleSection\":[\"Andere\",\"Deutschland\"],\"inLanguage\":\"de\"},{\"@type\":\"WebPage\",\"@id\":\"https:\\\/\\\/interreg-grace.eu\\\/de\\\/grace-programmkoordination-und-pressekonferenz-in-der-voelklinger-huette\\\/\",\"url\":\"https:\\\/\\\/interreg-grace.eu\\\/de\\\/grace-programmkoordination-und-pressekonferenz-in-der-voelklinger-huette\\\/\",\"name\":\"GRACE-Programmkoordination und Pressekonferenz in der V\u00f6lklinger H\u00fctte - Projet GRACE\",\"isPartOf\":{\"@id\":\"https:\\\/\\\/interreg-grace.eu\\\/de\\\/#website\"},\"primaryImageOfPage\":{\"@id\":\"https:\\\/\\\/interreg-grace.eu\\\/de\\\/grace-programmkoordination-und-pressekonferenz-in-der-voelklinger-huette\\\/#primaryimage\"},\"image\":{\"@id\":\"https:\\\/\\\/interreg-grace.eu\\\/de\\\/grace-programmkoordination-und-pressekonferenz-in-der-voelklinger-huette\\\/#primaryimage\"},\"thumbnailUrl\":\"https:\\\/\\\/interreg-grace.eu\\\/wp-content\\\/uploads\\\/2025\\\/12\\\/74b48c37-bf61-4c74-8140-be15fdb72a50.jpeg\",\"datePublished\":\"2025-12-24T08:14:10+00:00\",\"description\":\"Im Anschluss an die Sitzung der Programmkoordination 2025 kamen die Partner des GRACE-Projekts Interreg zusammen, um eine Bilanz der seit 2024 umgesetzten Aktionen zu ziehen und die f\u00fcr 2026 geplanten Aktionen vorzustellen.\",\"breadcrumb\":{\"@id\":\"https:\\\/\\\/interreg-grace.eu\\\/de\\\/grace-programmkoordination-und-pressekonferenz-in-der-voelklinger-huette\\\/#breadcrumb\"},\"inLanguage\":\"de\",\"potentialAction\":[{\"@type\":\"ReadAction\",\"target\":[\"https:\\\/\\\/interreg-grace.eu\\\/de\\\/grace-programmkoordination-und-pressekonferenz-in-der-voelklinger-huette\\\/\"]}]},{\"@type\":\"ImageObject\",\"inLanguage\":\"de\",\"@id\":\"https:\\\/\\\/interreg-grace.eu\\\/de\\\/grace-programmkoordination-und-pressekonferenz-in-der-voelklinger-huette\\\/#primaryimage\",\"url\":\"https:\\\/\\\/interreg-grace.eu\\\/wp-content\\\/uploads\\\/2025\\\/12\\\/74b48c37-bf61-4c74-8140-be15fdb72a50.jpeg\",\"contentUrl\":\"https:\\\/\\\/interreg-grace.eu\\\/wp-content\\\/uploads\\\/2025\\\/12\\\/74b48c37-bf61-4c74-8140-be15fdb72a50.jpeg\",\"width\":1600,\"height\":1200},{\"@type\":\"BreadcrumbList\",\"@id\":\"https:\\\/\\\/interreg-grace.eu\\\/de\\\/grace-programmkoordination-und-pressekonferenz-in-der-voelklinger-huette\\\/#breadcrumb\",\"itemListElement\":[{\"@type\":\"ListItem\",\"position\":1,\"name\":\"Accueil\",\"item\":\"https:\\\/\\\/interreg-grace.eu\\\/de\\\/\"},{\"@type\":\"ListItem\",\"position\":2,\"name\":\"GRACE-Programmkoordination und Pressekonferenz in der V\u00f6lklinger H\u00fctte\"}]},{\"@type\":\"WebSite\",\"@id\":\"https:\\\/\\\/interreg-grace.eu\\\/de\\\/#website\",\"url\":\"https:\\\/\\\/interreg-grace.eu\\\/de\\\/\",\"name\":\"Projet GRACE\",\"description\":\"Greater Region Artistic and Cultural Education\",\"publisher\":{\"@id\":\"https:\\\/\\\/interreg-grace.eu\\\/de\\\/#organization\"},\"potentialAction\":[{\"@type\":\"SearchAction\",\"target\":{\"@type\":\"EntryPoint\",\"urlTemplate\":\"https:\\\/\\\/interreg-grace.eu\\\/de\\\/?s={search_term_string}\"},\"query-input\":{\"@type\":\"PropertyValueSpecification\",\"valueRequired\":true,\"valueName\":\"search_term_string\"}}],\"inLanguage\":\"de\"},{\"@type\":\"Organization\",\"@id\":\"https:\\\/\\\/interreg-grace.eu\\\/de\\\/#organization\",\"name\":\"Interreg Grace\",\"alternateName\":\"Greater Region Artistic and Cultural Education\",\"url\":\"https:\\\/\\\/interreg-grace.eu\\\/de\\\/\",\"logo\":{\"@type\":\"ImageObject\",\"inLanguage\":\"de\",\"@id\":\"https:\\\/\\\/interreg-grace.eu\\\/de\\\/#\\\/schema\\\/logo\\\/image\\\/\",\"url\":\"https:\\\/\\\/interreg-grace.eu\\\/wp-content\\\/uploads\\\/2024\\\/08\\\/cropped-favicon-grace.webp\",\"contentUrl\":\"https:\\\/\\\/interreg-grace.eu\\\/wp-content\\\/uploads\\\/2024\\\/08\\\/cropped-favicon-grace.webp\",\"width\":512,\"height\":512,\"caption\":\"Interreg Grace\"},\"image\":{\"@id\":\"https:\\\/\\\/interreg-grace.eu\\\/de\\\/#\\\/schema\\\/logo\\\/image\\\/\"},\"sameAs\":[\"https:\\\/\\\/www.linkedin.com\\\/company\\\/interreg-grace\\\/\"]},{\"@type\":\"Person\",\"@id\":\"https:\\\/\\\/interreg-grace.eu\\\/de\\\/#\\\/schema\\\/person\\\/ccc2374cd4aafa848b195af2f58da273\",\"name\":\"Ville de Metz\",\"image\":{\"@type\":\"ImageObject\",\"inLanguage\":\"de\",\"@id\":\"https:\\\/\\\/secure.gravatar.com\\\/avatar\\\/c73302162b144d30e6007a894a7137797ba0b5d7099a990dd5875641b83c0287?s=96&d=mm&r=g\",\"url\":\"https:\\\/\\\/secure.gravatar.com\\\/avatar\\\/c73302162b144d30e6007a894a7137797ba0b5d7099a990dd5875641b83c0287?s=96&d=mm&r=g\",\"contentUrl\":\"https:\\\/\\\/secure.gravatar.com\\\/avatar\\\/c73302162b144d30e6007a894a7137797ba0b5d7099a990dd5875641b83c0287?s=96&d=mm&r=g\",\"caption\":\"Ville de Metz\"}}]}<\/script>\n<!-- \/ Yoast SEO Premium plugin. -->","yoast_head_json":{"title":"GRACE-Programmkoordination und Pressekonferenz in der V\u00f6lklinger H\u00fctte - Projet GRACE","description":"Im Anschluss an die Sitzung der Programmkoordination 2025 kamen die Partner des GRACE-Projekts Interreg zusammen, um eine Bilanz der seit 2024 umgesetzten Aktionen zu ziehen und die f\u00fcr 2026 geplanten Aktionen vorzustellen.","robots":{"index":"index","follow":"follow","max-snippet":"max-snippet:-1","max-image-preview":"max-image-preview:large","max-video-preview":"max-video-preview:-1"},"canonical":"https:\/\/interreg-grace.eu\/de\/grace-programmkoordination-und-pressekonferenz-in-der-voelklinger-huette\/","og_locale":"de_DE","og_type":"article","og_title":"GRACE-Programmkoordination und Pressekonferenz in der V\u00f6lklinger H\u00fctte","og_description":"Im Anschluss an die Sitzung der Programmkoordination 2025 kamen die Partner des GRACE-Projekts Interreg zusammen, um eine Bilanz der seit 2024 umgesetzten Aktionen zu ziehen und die f\u00fcr 2026 geplanten Aktionen vorzustellen.","og_url":"https:\/\/interreg-grace.eu\/de\/grace-programmkoordination-und-pressekonferenz-in-der-voelklinger-huette\/","og_site_name":"Projet GRACE","article_published_time":"2025-12-24T08:14:10+00:00","og_image":[{"width":1600,"height":1200,"url":"https:\/\/interreg-grace.eu\/wp-content\/uploads\/2025\/12\/74b48c37-bf61-4c74-8140-be15fdb72a50.jpeg","type":"image\/jpeg"}],"author":"Ville de Metz","twitter_card":"summary_large_image","twitter_misc":{"Verfasst von":"Ville de Metz","Gesch\u00e4tzte Lesezeit":"2\u00a0Minuten"},"schema":{"@context":"https:\/\/schema.org","@graph":[{"@type":"Article","@id":"https:\/\/interreg-grace.eu\/de\/grace-programmkoordination-und-pressekonferenz-in-der-voelklinger-huette\/#article","isPartOf":{"@id":"https:\/\/interreg-grace.eu\/de\/grace-programmkoordination-und-pressekonferenz-in-der-voelklinger-huette\/"},"author":{"name":"Ville de Metz","@id":"https:\/\/interreg-grace.eu\/de\/#\/schema\/person\/ccc2374cd4aafa848b195af2f58da273"},"headline":"GRACE-Programmkoordination und Pressekonferenz in der V\u00f6lklinger H\u00fctte","datePublished":"2025-12-24T08:14:10+00:00","mainEntityOfPage":{"@id":"https:\/\/interreg-grace.eu\/de\/grace-programmkoordination-und-pressekonferenz-in-der-voelklinger-huette\/"},"wordCount":464,"publisher":{"@id":"https:\/\/interreg-grace.eu\/de\/#organization"},"image":{"@id":"https:\/\/interreg-grace.eu\/de\/grace-programmkoordination-und-pressekonferenz-in-der-voelklinger-huette\/#primaryimage"},"thumbnailUrl":"https:\/\/interreg-grace.eu\/wp-content\/uploads\/2025\/12\/74b48c37-bf61-4c74-8140-be15fdb72a50.jpeg","articleSection":["Andere","Deutschland"],"inLanguage":"de"},{"@type":"WebPage","@id":"https:\/\/interreg-grace.eu\/de\/grace-programmkoordination-und-pressekonferenz-in-der-voelklinger-huette\/","url":"https:\/\/interreg-grace.eu\/de\/grace-programmkoordination-und-pressekonferenz-in-der-voelklinger-huette\/","name":"GRACE-Programmkoordination und Pressekonferenz in der V\u00f6lklinger H\u00fctte - Projet GRACE","isPartOf":{"@id":"https:\/\/interreg-grace.eu\/de\/#website"},"primaryImageOfPage":{"@id":"https:\/\/interreg-grace.eu\/de\/grace-programmkoordination-und-pressekonferenz-in-der-voelklinger-huette\/#primaryimage"},"image":{"@id":"https:\/\/interreg-grace.eu\/de\/grace-programmkoordination-und-pressekonferenz-in-der-voelklinger-huette\/#primaryimage"},"thumbnailUrl":"https:\/\/interreg-grace.eu\/wp-content\/uploads\/2025\/12\/74b48c37-bf61-4c74-8140-be15fdb72a50.jpeg","datePublished":"2025-12-24T08:14:10+00:00","description":"Im Anschluss an die Sitzung der Programmkoordination 2025 kamen die Partner des GRACE-Projekts Interreg zusammen, um eine Bilanz der seit 2024 umgesetzten Aktionen zu ziehen und die f\u00fcr 2026 geplanten Aktionen vorzustellen.","breadcrumb":{"@id":"https:\/\/interreg-grace.eu\/de\/grace-programmkoordination-und-pressekonferenz-in-der-voelklinger-huette\/#breadcrumb"},"inLanguage":"de","potentialAction":[{"@type":"ReadAction","target":["https:\/\/interreg-grace.eu\/de\/grace-programmkoordination-und-pressekonferenz-in-der-voelklinger-huette\/"]}]},{"@type":"ImageObject","inLanguage":"de","@id":"https:\/\/interreg-grace.eu\/de\/grace-programmkoordination-und-pressekonferenz-in-der-voelklinger-huette\/#primaryimage","url":"https:\/\/interreg-grace.eu\/wp-content\/uploads\/2025\/12\/74b48c37-bf61-4c74-8140-be15fdb72a50.jpeg","contentUrl":"https:\/\/interreg-grace.eu\/wp-content\/uploads\/2025\/12\/74b48c37-bf61-4c74-8140-be15fdb72a50.jpeg","width":1600,"height":1200},{"@type":"BreadcrumbList","@id":"https:\/\/interreg-grace.eu\/de\/grace-programmkoordination-und-pressekonferenz-in-der-voelklinger-huette\/#breadcrumb","itemListElement":[{"@type":"ListItem","position":1,"name":"Accueil","item":"https:\/\/interreg-grace.eu\/de\/"},{"@type":"ListItem","position":2,"name":"GRACE-Programmkoordination und Pressekonferenz in der V\u00f6lklinger H\u00fctte"}]},{"@type":"WebSite","@id":"https:\/\/interreg-grace.eu\/de\/#website","url":"https:\/\/interreg-grace.eu\/de\/","name":"Projet GRACE","description":"Greater Region Artistic and Cultural Education","publisher":{"@id":"https:\/\/interreg-grace.eu\/de\/#organization"},"potentialAction":[{"@type":"SearchAction","target":{"@type":"EntryPoint","urlTemplate":"https:\/\/interreg-grace.eu\/de\/?s={search_term_string}"},"query-input":{"@type":"PropertyValueSpecification","valueRequired":true,"valueName":"search_term_string"}}],"inLanguage":"de"},{"@type":"Organization","@id":"https:\/\/interreg-grace.eu\/de\/#organization","name":"Interreg Grace","alternateName":"Greater Region Artistic and Cultural Education","url":"https:\/\/interreg-grace.eu\/de\/","logo":{"@type":"ImageObject","inLanguage":"de","@id":"https:\/\/interreg-grace.eu\/de\/#\/schema\/logo\/image\/","url":"https:\/\/interreg-grace.eu\/wp-content\/uploads\/2024\/08\/cropped-favicon-grace.webp","contentUrl":"https:\/\/interreg-grace.eu\/wp-content\/uploads\/2024\/08\/cropped-favicon-grace.webp","width":512,"height":512,"caption":"Interreg Grace"},"image":{"@id":"https:\/\/interreg-grace.eu\/de\/#\/schema\/logo\/image\/"},"sameAs":["https:\/\/www.linkedin.com\/company\/interreg-grace\/"]},{"@type":"Person","@id":"https:\/\/interreg-grace.eu\/de\/#\/schema\/person\/ccc2374cd4aafa848b195af2f58da273","name":"Ville de Metz","image":{"@type":"ImageObject","inLanguage":"de","@id":"https:\/\/secure.gravatar.com\/avatar\/c73302162b144d30e6007a894a7137797ba0b5d7099a990dd5875641b83c0287?s=96&d=mm&r=g","url":"https:\/\/secure.gravatar.com\/avatar\/c73302162b144d30e6007a894a7137797ba0b5d7099a990dd5875641b83c0287?s=96&d=mm&r=g","contentUrl":"https:\/\/secure.gravatar.com\/avatar\/c73302162b144d30e6007a894a7137797ba0b5d7099a990dd5875641b83c0287?s=96&d=mm&r=g","caption":"Ville de Metz"}}]}},"_links":{"self":[{"href":"https:\/\/interreg-grace.eu\/de\/wp-json\/wp\/v2\/posts\/7382","targetHints":{"allow":["GET"]}}],"collection":[{"href":"https:\/\/interreg-grace.eu\/de\/wp-json\/wp\/v2\/posts"}],"about":[{"href":"https:\/\/interreg-grace.eu\/de\/wp-json\/wp\/v2\/types\/post"}],"author":[{"embeddable":true,"href":"https:\/\/interreg-grace.eu\/de\/wp-json\/wp\/v2\/users\/3"}],"replies":[{"embeddable":true,"href":"https:\/\/interreg-grace.eu\/de\/wp-json\/wp\/v2\/comments?post=7382"}],"version-history":[{"count":0,"href":"https:\/\/interreg-grace.eu\/de\/wp-json\/wp\/v2\/posts\/7382\/revisions"}],"wp:featuredmedia":[{"embeddable":true,"href":"https:\/\/interreg-grace.eu\/de\/wp-json\/wp\/v2\/media\/7099"}],"wp:attachment":[{"href":"https:\/\/interreg-grace.eu\/de\/wp-json\/wp\/v2\/media?parent=7382"}],"wp:term":[{"taxonomy":"category","embeddable":true,"href":"https:\/\/interreg-grace.eu\/de\/wp-json\/wp\/v2\/categories?post=7382"},{"taxonomy":"post_tag","embeddable":true,"href":"https:\/\/interreg-grace.eu\/de\/wp-json\/wp\/v2\/tags?post=7382"}],"curies":[{"name":"wp","href":"https:\/\/api.w.org\/{rel}","templated":true}]}}