{"id":7370,"date":"2026-03-19T13:15:43","date_gmt":"2026-03-19T12:15:43","guid":{"rendered":"https:\/\/interreg-grace.eu\/kuenstlerische-ausschreibung-partizipative-projekte-in-darstellender-kunst-und-strassenkunst\/"},"modified":"2026-03-19T13:15:43","modified_gmt":"2026-03-19T12:15:43","slug":"kuenstlerische-ausschreibung-partizipative-projekte-in-darstellender-kunst-und-strassenkunst","status":"publish","type":"post","link":"https:\/\/interreg-grace.eu\/de\/kuenstlerische-ausschreibung-partizipative-projekte-in-darstellender-kunst-und-strassenkunst\/","title":{"rendered":"K\u00fcnstlerische Ausschreibung \u2013 Partizipative Projekte in Darstellender Kunst und Stra\u00dfenkunst"},"content":{"rendered":"<p data-start=\"259\" data-end=\"487\">Im Rahmen des Interreg VI-A Gro\u00dfregion GRACE-Projekts startet die Stadt Metz eine k\u00fcnstlerische Ausschreibung zur Entwicklung partizipativer Projekte in Darstellender Kunst und Stra\u00dfenkunst anl\u00e4sslich der F\u00eates de la Mirabelle 2026.<\/p>\n<p data-start=\"489\" data-end=\"710\">Die Ausschreibung, die bis zum 13. April 2026 ge\u00f6ffnet ist, richtet sich an K\u00fcnstler:innen und Kollektive, die partizipative, originelle und f\u00fcr alle Zielgruppen zug\u00e4ngliche k\u00fcnstlerische Interventionen im \u00f6ffentlichen Raum vorschlagen m\u00f6chten.<\/p>\n<p data-start=\"712\" data-end=\"1164\">Ziel dieser Ausschreibung ist die Auswahl von bis zu drei k\u00fcnstlerischen Vorschl\u00e4gen, insbesondere in den Bereichen Musik, Theater, Tanz, Stra\u00dfenkunst, Performance oder k\u00fcnstlerische Installationen. Die Projekte m\u00fcssen einen starken partizipativen Ansatz haben und die Bev\u00f6lkerung (Kinder, Jugendliche, Familien, Senioren) aktiv durch k\u00fcnstlerische Workshops und interaktive Formate einbeziehen. <\/p>\n<p data-start=\"1166\" data-end=\"1496\">Die Interventionen finden in Metz im Rahmen der F\u00eates de la Mirabelle statt, vom 21. bis 23. August 2026 auf der Esplanade oder am 30. August 2026 am Plan d\u2019eau. Sie beinhalten kreative Phasen mit dem Publikum, gefolgt von einer Pr\u00e4sentation, die in das Festivalprogramm integriert wird. <\/p>\n<p data-start=\"1498\" data-end=\"1762\">Besonderes Augenmerk liegt auf der grenz\u00fcberschreitenden Dimension der Projekte, im Einklang mit den Zielen des GRACE-Projekts, das darauf abzielt, kulturelle und bildungsbezogene Kooperationen in der Gro\u00dfregion zu st\u00e4rken.<\/p>\n<p data-start=\"1764\" data-end=\"1986\">Jedes ausgew\u00e4hlte Projekt kann ein maximales Budget von 6.000 \u20ac inkl. MwSt. erhalten, das alle Kosten f\u00fcr Konzeption und Umsetzung des k\u00fcnstlerischen Vorschlags abdeckt.<\/p>\n<p data-start=\"1988\" data-end=\"2064\">\ud83d\udc49 <strong data-start=\"1991\" data-end=\"2022\"><a href=\"https:\/\/interreg-grace.eu\/wp-content\/uploads\/2026\/03\/Consultation-artistique-%E2%80%93-Projet-participatif-arts-vivants-et-arts-de-rue-%E2%80%93-Interreg-GRACE-x-Fetes-de-la-Mirabelle-2026.pdf\">Weitere Informationen zur Ausschreibung:<\/a><\/strong><\/p>\n<p data-start=\"2066\" data-end=\"2284\">Bewerbungen (k\u00fcnstlerisches Konzept, Pr\u00e4sentationsdossier, Kostenvoranschlag, technische Angaben und administrative Unterlagen) m\u00fcssen sp\u00e4testens bis zum <strong data-start=\"2211\" data-end=\"2228\">13. April 2026<\/strong> an folgende Adresse gesendet werden: <a class=\"decorated-link cursor-pointer\" rel=\"noopener\" data-start=\"2256\" data-end=\"2282\"><strong data-start=\"2254\" data-end=\"2284\">poleculture@mairie-metz.fr<\/strong><\/a><\/p>\n","protected":false},"excerpt":{"rendered":"<p>Im Rahmen des Interreg VI-A Gro\u00dfregion GRACE-Projekts startet die Stadt  [&#8230;]<\/p>\n","protected":false},"author":3,"featured_media":7368,"comment_status":"closed","ping_status":"closed","sticky":false,"template":"","format":"standard","meta":{"_acf_changed":false,"footnotes":""},"categories":[104,108,102,103,105],"tags":[101],"class_list":["post-7370","post","type-post","status-publish","format-standard","has-post-thumbnail","hentry","category-belgien","category-darstellende-kunst","category-deutschland","category-frankreich","category-luxemburg","tag-darstellende-kunst"],"acf":[],"yoast_head":"<!-- This site is optimized with the Yoast SEO Premium plugin v24.7 (Yoast SEO v27.3) - https:\/\/yoast.com\/product\/yoast-seo-premium-wordpress\/ -->\n<title>K\u00fcnstlerische Ausschreibung \u2013 Partizipative Projekte in Darstellender Kunst und Stra\u00dfenkunst - Projet GRACE<\/title>\n<meta name=\"robots\" content=\"index, follow, max-snippet:-1, max-image-preview:large, max-video-preview:-1\" \/>\n<link rel=\"canonical\" href=\"https:\/\/interreg-grace.eu\/de\/kuenstlerische-ausschreibung-partizipative-projekte-in-darstellender-kunst-und-strassenkunst\/\" \/>\n<meta property=\"og:locale\" content=\"de_DE\" \/>\n<meta property=\"og:type\" content=\"article\" \/>\n<meta property=\"og:title\" content=\"K\u00fcnstlerische Ausschreibung \u2013 Partizipative Projekte in Darstellender Kunst und Stra\u00dfenkunst\" \/>\n<meta property=\"og:description\" content=\"Im Rahmen des Interreg VI-A Gro\u00dfregion GRACE-Projekts startet die Stadt [...]\" \/>\n<meta property=\"og:url\" content=\"https:\/\/interreg-grace.eu\/de\/kuenstlerische-ausschreibung-partizipative-projekte-in-darstellender-kunst-und-strassenkunst\/\" \/>\n<meta property=\"og:site_name\" content=\"Projet GRACE\" \/>\n<meta property=\"article:published_time\" content=\"2026-03-19T12:15:43+00:00\" \/>\n<meta property=\"og:image\" content=\"https:\/\/interreg-grace.eu\/wp-content\/uploads\/2026\/03\/Mirabelle-2025-Philippe-Gsselbrecht-88.jpg\" \/>\n\t<meta property=\"og:image:width\" content=\"800\" \/>\n\t<meta property=\"og:image:height\" content=\"534\" \/>\n\t<meta property=\"og:image:type\" content=\"image\/jpeg\" \/>\n<meta name=\"author\" content=\"Ville de Metz\" \/>\n<meta name=\"twitter:card\" content=\"summary_large_image\" \/>\n<meta name=\"twitter:label1\" content=\"Verfasst von\" \/>\n\t<meta name=\"twitter:data1\" content=\"Ville de Metz\" \/>\n\t<meta name=\"twitter:label2\" content=\"Gesch\u00e4tzte Lesezeit\" \/>\n\t<meta name=\"twitter:data2\" content=\"1\u00a0Minute\" \/>\n<script type=\"application\/ld+json\" class=\"yoast-schema-graph\">{\"@context\":\"https:\\\/\\\/schema.org\",\"@graph\":[{\"@type\":\"Article\",\"@id\":\"https:\\\/\\\/interreg-grace.eu\\\/de\\\/kuenstlerische-ausschreibung-partizipative-projekte-in-darstellender-kunst-und-strassenkunst\\\/#article\",\"isPartOf\":{\"@id\":\"https:\\\/\\\/interreg-grace.eu\\\/de\\\/kuenstlerische-ausschreibung-partizipative-projekte-in-darstellender-kunst-und-strassenkunst\\\/\"},\"author\":{\"name\":\"Ville de Metz\",\"@id\":\"https:\\\/\\\/interreg-grace.eu\\\/de\\\/#\\\/schema\\\/person\\\/ccc2374cd4aafa848b195af2f58da273\"},\"headline\":\"K\u00fcnstlerische Ausschreibung \u2013 Partizipative Projekte in Darstellender Kunst und Stra\u00dfenkunst\",\"datePublished\":\"2026-03-19T12:15:43+00:00\",\"mainEntityOfPage\":{\"@id\":\"https:\\\/\\\/interreg-grace.eu\\\/de\\\/kuenstlerische-ausschreibung-partizipative-projekte-in-darstellender-kunst-und-strassenkunst\\\/\"},\"wordCount\":267,\"publisher\":{\"@id\":\"https:\\\/\\\/interreg-grace.eu\\\/de\\\/#organization\"},\"image\":{\"@id\":\"https:\\\/\\\/interreg-grace.eu\\\/de\\\/kuenstlerische-ausschreibung-partizipative-projekte-in-darstellender-kunst-und-strassenkunst\\\/#primaryimage\"},\"thumbnailUrl\":\"https:\\\/\\\/interreg-grace.eu\\\/wp-content\\\/uploads\\\/2026\\\/03\\\/Mirabelle-2025-Philippe-Gsselbrecht-88.jpg\",\"keywords\":[\"Darstellende Kunst\"],\"articleSection\":[\"Belgien\",\"Darstellende Kunst\",\"Deutschland\",\"Frankreich\",\"Luxemburg\"],\"inLanguage\":\"de\"},{\"@type\":\"WebPage\",\"@id\":\"https:\\\/\\\/interreg-grace.eu\\\/de\\\/kuenstlerische-ausschreibung-partizipative-projekte-in-darstellender-kunst-und-strassenkunst\\\/\",\"url\":\"https:\\\/\\\/interreg-grace.eu\\\/de\\\/kuenstlerische-ausschreibung-partizipative-projekte-in-darstellender-kunst-und-strassenkunst\\\/\",\"name\":\"K\u00fcnstlerische Ausschreibung \u2013 Partizipative Projekte in Darstellender Kunst und Stra\u00dfenkunst - Projet GRACE\",\"isPartOf\":{\"@id\":\"https:\\\/\\\/interreg-grace.eu\\\/de\\\/#website\"},\"primaryImageOfPage\":{\"@id\":\"https:\\\/\\\/interreg-grace.eu\\\/de\\\/kuenstlerische-ausschreibung-partizipative-projekte-in-darstellender-kunst-und-strassenkunst\\\/#primaryimage\"},\"image\":{\"@id\":\"https:\\\/\\\/interreg-grace.eu\\\/de\\\/kuenstlerische-ausschreibung-partizipative-projekte-in-darstellender-kunst-und-strassenkunst\\\/#primaryimage\"},\"thumbnailUrl\":\"https:\\\/\\\/interreg-grace.eu\\\/wp-content\\\/uploads\\\/2026\\\/03\\\/Mirabelle-2025-Philippe-Gsselbrecht-88.jpg\",\"datePublished\":\"2026-03-19T12:15:43+00:00\",\"breadcrumb\":{\"@id\":\"https:\\\/\\\/interreg-grace.eu\\\/de\\\/kuenstlerische-ausschreibung-partizipative-projekte-in-darstellender-kunst-und-strassenkunst\\\/#breadcrumb\"},\"inLanguage\":\"de\",\"potentialAction\":[{\"@type\":\"ReadAction\",\"target\":[\"https:\\\/\\\/interreg-grace.eu\\\/de\\\/kuenstlerische-ausschreibung-partizipative-projekte-in-darstellender-kunst-und-strassenkunst\\\/\"]}]},{\"@type\":\"ImageObject\",\"inLanguage\":\"de\",\"@id\":\"https:\\\/\\\/interreg-grace.eu\\\/de\\\/kuenstlerische-ausschreibung-partizipative-projekte-in-darstellender-kunst-und-strassenkunst\\\/#primaryimage\",\"url\":\"https:\\\/\\\/interreg-grace.eu\\\/wp-content\\\/uploads\\\/2026\\\/03\\\/Mirabelle-2025-Philippe-Gsselbrecht-88.jpg\",\"contentUrl\":\"https:\\\/\\\/interreg-grace.eu\\\/wp-content\\\/uploads\\\/2026\\\/03\\\/Mirabelle-2025-Philippe-Gsselbrecht-88.jpg\",\"width\":800,\"height\":534,\"caption\":\"Philippe Gsselbrecht\"},{\"@type\":\"BreadcrumbList\",\"@id\":\"https:\\\/\\\/interreg-grace.eu\\\/de\\\/kuenstlerische-ausschreibung-partizipative-projekte-in-darstellender-kunst-und-strassenkunst\\\/#breadcrumb\",\"itemListElement\":[{\"@type\":\"ListItem\",\"position\":1,\"name\":\"Accueil\",\"item\":\"https:\\\/\\\/interreg-grace.eu\\\/de\\\/\"},{\"@type\":\"ListItem\",\"position\":2,\"name\":\"K\u00fcnstlerische Ausschreibung \u2013 Partizipative Projekte in Darstellender Kunst und Stra\u00dfenkunst\"}]},{\"@type\":\"WebSite\",\"@id\":\"https:\\\/\\\/interreg-grace.eu\\\/de\\\/#website\",\"url\":\"https:\\\/\\\/interreg-grace.eu\\\/de\\\/\",\"name\":\"Projet GRACE\",\"description\":\"Greater Region Artistic and Cultural Education\",\"publisher\":{\"@id\":\"https:\\\/\\\/interreg-grace.eu\\\/de\\\/#organization\"},\"potentialAction\":[{\"@type\":\"SearchAction\",\"target\":{\"@type\":\"EntryPoint\",\"urlTemplate\":\"https:\\\/\\\/interreg-grace.eu\\\/de\\\/?s={search_term_string}\"},\"query-input\":{\"@type\":\"PropertyValueSpecification\",\"valueRequired\":true,\"valueName\":\"search_term_string\"}}],\"inLanguage\":\"de\"},{\"@type\":\"Organization\",\"@id\":\"https:\\\/\\\/interreg-grace.eu\\\/de\\\/#organization\",\"name\":\"Interreg Grace\",\"alternateName\":\"Greater Region Artistic and Cultural Education\",\"url\":\"https:\\\/\\\/interreg-grace.eu\\\/de\\\/\",\"logo\":{\"@type\":\"ImageObject\",\"inLanguage\":\"de\",\"@id\":\"https:\\\/\\\/interreg-grace.eu\\\/de\\\/#\\\/schema\\\/logo\\\/image\\\/\",\"url\":\"https:\\\/\\\/interreg-grace.eu\\\/wp-content\\\/uploads\\\/2024\\\/08\\\/cropped-favicon-grace.webp\",\"contentUrl\":\"https:\\\/\\\/interreg-grace.eu\\\/wp-content\\\/uploads\\\/2024\\\/08\\\/cropped-favicon-grace.webp\",\"width\":512,\"height\":512,\"caption\":\"Interreg Grace\"},\"image\":{\"@id\":\"https:\\\/\\\/interreg-grace.eu\\\/de\\\/#\\\/schema\\\/logo\\\/image\\\/\"},\"sameAs\":[\"https:\\\/\\\/www.linkedin.com\\\/company\\\/interreg-grace\\\/\"]},{\"@type\":\"Person\",\"@id\":\"https:\\\/\\\/interreg-grace.eu\\\/de\\\/#\\\/schema\\\/person\\\/ccc2374cd4aafa848b195af2f58da273\",\"name\":\"Ville de Metz\",\"image\":{\"@type\":\"ImageObject\",\"inLanguage\":\"de\",\"@id\":\"https:\\\/\\\/secure.gravatar.com\\\/avatar\\\/c73302162b144d30e6007a894a7137797ba0b5d7099a990dd5875641b83c0287?s=96&d=mm&r=g\",\"url\":\"https:\\\/\\\/secure.gravatar.com\\\/avatar\\\/c73302162b144d30e6007a894a7137797ba0b5d7099a990dd5875641b83c0287?s=96&d=mm&r=g\",\"contentUrl\":\"https:\\\/\\\/secure.gravatar.com\\\/avatar\\\/c73302162b144d30e6007a894a7137797ba0b5d7099a990dd5875641b83c0287?s=96&d=mm&r=g\",\"caption\":\"Ville de Metz\"}}]}<\/script>\n<!-- \/ Yoast SEO Premium plugin. -->","yoast_head_json":{"title":"K\u00fcnstlerische Ausschreibung \u2013 Partizipative Projekte in Darstellender Kunst und Stra\u00dfenkunst - Projet GRACE","robots":{"index":"index","follow":"follow","max-snippet":"max-snippet:-1","max-image-preview":"max-image-preview:large","max-video-preview":"max-video-preview:-1"},"canonical":"https:\/\/interreg-grace.eu\/de\/kuenstlerische-ausschreibung-partizipative-projekte-in-darstellender-kunst-und-strassenkunst\/","og_locale":"de_DE","og_type":"article","og_title":"K\u00fcnstlerische Ausschreibung \u2013 Partizipative Projekte in Darstellender Kunst und Stra\u00dfenkunst","og_description":"Im Rahmen des Interreg VI-A Gro\u00dfregion GRACE-Projekts startet die Stadt [...]","og_url":"https:\/\/interreg-grace.eu\/de\/kuenstlerische-ausschreibung-partizipative-projekte-in-darstellender-kunst-und-strassenkunst\/","og_site_name":"Projet GRACE","article_published_time":"2026-03-19T12:15:43+00:00","og_image":[{"width":800,"height":534,"url":"https:\/\/interreg-grace.eu\/wp-content\/uploads\/2026\/03\/Mirabelle-2025-Philippe-Gsselbrecht-88.jpg","type":"image\/jpeg"}],"author":"Ville de Metz","twitter_card":"summary_large_image","twitter_misc":{"Verfasst von":"Ville de Metz","Gesch\u00e4tzte Lesezeit":"1\u00a0Minute"},"schema":{"@context":"https:\/\/schema.org","@graph":[{"@type":"Article","@id":"https:\/\/interreg-grace.eu\/de\/kuenstlerische-ausschreibung-partizipative-projekte-in-darstellender-kunst-und-strassenkunst\/#article","isPartOf":{"@id":"https:\/\/interreg-grace.eu\/de\/kuenstlerische-ausschreibung-partizipative-projekte-in-darstellender-kunst-und-strassenkunst\/"},"author":{"name":"Ville de Metz","@id":"https:\/\/interreg-grace.eu\/de\/#\/schema\/person\/ccc2374cd4aafa848b195af2f58da273"},"headline":"K\u00fcnstlerische Ausschreibung \u2013 Partizipative Projekte in Darstellender Kunst und Stra\u00dfenkunst","datePublished":"2026-03-19T12:15:43+00:00","mainEntityOfPage":{"@id":"https:\/\/interreg-grace.eu\/de\/kuenstlerische-ausschreibung-partizipative-projekte-in-darstellender-kunst-und-strassenkunst\/"},"wordCount":267,"publisher":{"@id":"https:\/\/interreg-grace.eu\/de\/#organization"},"image":{"@id":"https:\/\/interreg-grace.eu\/de\/kuenstlerische-ausschreibung-partizipative-projekte-in-darstellender-kunst-und-strassenkunst\/#primaryimage"},"thumbnailUrl":"https:\/\/interreg-grace.eu\/wp-content\/uploads\/2026\/03\/Mirabelle-2025-Philippe-Gsselbrecht-88.jpg","keywords":["Darstellende Kunst"],"articleSection":["Belgien","Darstellende Kunst","Deutschland","Frankreich","Luxemburg"],"inLanguage":"de"},{"@type":"WebPage","@id":"https:\/\/interreg-grace.eu\/de\/kuenstlerische-ausschreibung-partizipative-projekte-in-darstellender-kunst-und-strassenkunst\/","url":"https:\/\/interreg-grace.eu\/de\/kuenstlerische-ausschreibung-partizipative-projekte-in-darstellender-kunst-und-strassenkunst\/","name":"K\u00fcnstlerische Ausschreibung \u2013 Partizipative Projekte in Darstellender Kunst und Stra\u00dfenkunst - Projet GRACE","isPartOf":{"@id":"https:\/\/interreg-grace.eu\/de\/#website"},"primaryImageOfPage":{"@id":"https:\/\/interreg-grace.eu\/de\/kuenstlerische-ausschreibung-partizipative-projekte-in-darstellender-kunst-und-strassenkunst\/#primaryimage"},"image":{"@id":"https:\/\/interreg-grace.eu\/de\/kuenstlerische-ausschreibung-partizipative-projekte-in-darstellender-kunst-und-strassenkunst\/#primaryimage"},"thumbnailUrl":"https:\/\/interreg-grace.eu\/wp-content\/uploads\/2026\/03\/Mirabelle-2025-Philippe-Gsselbrecht-88.jpg","datePublished":"2026-03-19T12:15:43+00:00","breadcrumb":{"@id":"https:\/\/interreg-grace.eu\/de\/kuenstlerische-ausschreibung-partizipative-projekte-in-darstellender-kunst-und-strassenkunst\/#breadcrumb"},"inLanguage":"de","potentialAction":[{"@type":"ReadAction","target":["https:\/\/interreg-grace.eu\/de\/kuenstlerische-ausschreibung-partizipative-projekte-in-darstellender-kunst-und-strassenkunst\/"]}]},{"@type":"ImageObject","inLanguage":"de","@id":"https:\/\/interreg-grace.eu\/de\/kuenstlerische-ausschreibung-partizipative-projekte-in-darstellender-kunst-und-strassenkunst\/#primaryimage","url":"https:\/\/interreg-grace.eu\/wp-content\/uploads\/2026\/03\/Mirabelle-2025-Philippe-Gsselbrecht-88.jpg","contentUrl":"https:\/\/interreg-grace.eu\/wp-content\/uploads\/2026\/03\/Mirabelle-2025-Philippe-Gsselbrecht-88.jpg","width":800,"height":534,"caption":"Philippe Gsselbrecht"},{"@type":"BreadcrumbList","@id":"https:\/\/interreg-grace.eu\/de\/kuenstlerische-ausschreibung-partizipative-projekte-in-darstellender-kunst-und-strassenkunst\/#breadcrumb","itemListElement":[{"@type":"ListItem","position":1,"name":"Accueil","item":"https:\/\/interreg-grace.eu\/de\/"},{"@type":"ListItem","position":2,"name":"K\u00fcnstlerische Ausschreibung \u2013 Partizipative Projekte in Darstellender Kunst und Stra\u00dfenkunst"}]},{"@type":"WebSite","@id":"https:\/\/interreg-grace.eu\/de\/#website","url":"https:\/\/interreg-grace.eu\/de\/","name":"Projet GRACE","description":"Greater Region Artistic and Cultural Education","publisher":{"@id":"https:\/\/interreg-grace.eu\/de\/#organization"},"potentialAction":[{"@type":"SearchAction","target":{"@type":"EntryPoint","urlTemplate":"https:\/\/interreg-grace.eu\/de\/?s={search_term_string}"},"query-input":{"@type":"PropertyValueSpecification","valueRequired":true,"valueName":"search_term_string"}}],"inLanguage":"de"},{"@type":"Organization","@id":"https:\/\/interreg-grace.eu\/de\/#organization","name":"Interreg Grace","alternateName":"Greater Region Artistic and Cultural Education","url":"https:\/\/interreg-grace.eu\/de\/","logo":{"@type":"ImageObject","inLanguage":"de","@id":"https:\/\/interreg-grace.eu\/de\/#\/schema\/logo\/image\/","url":"https:\/\/interreg-grace.eu\/wp-content\/uploads\/2024\/08\/cropped-favicon-grace.webp","contentUrl":"https:\/\/interreg-grace.eu\/wp-content\/uploads\/2024\/08\/cropped-favicon-grace.webp","width":512,"height":512,"caption":"Interreg Grace"},"image":{"@id":"https:\/\/interreg-grace.eu\/de\/#\/schema\/logo\/image\/"},"sameAs":["https:\/\/www.linkedin.com\/company\/interreg-grace\/"]},{"@type":"Person","@id":"https:\/\/interreg-grace.eu\/de\/#\/schema\/person\/ccc2374cd4aafa848b195af2f58da273","name":"Ville de Metz","image":{"@type":"ImageObject","inLanguage":"de","@id":"https:\/\/secure.gravatar.com\/avatar\/c73302162b144d30e6007a894a7137797ba0b5d7099a990dd5875641b83c0287?s=96&d=mm&r=g","url":"https:\/\/secure.gravatar.com\/avatar\/c73302162b144d30e6007a894a7137797ba0b5d7099a990dd5875641b83c0287?s=96&d=mm&r=g","contentUrl":"https:\/\/secure.gravatar.com\/avatar\/c73302162b144d30e6007a894a7137797ba0b5d7099a990dd5875641b83c0287?s=96&d=mm&r=g","caption":"Ville de Metz"}}]}},"_links":{"self":[{"href":"https:\/\/interreg-grace.eu\/de\/wp-json\/wp\/v2\/posts\/7370","targetHints":{"allow":["GET"]}}],"collection":[{"href":"https:\/\/interreg-grace.eu\/de\/wp-json\/wp\/v2\/posts"}],"about":[{"href":"https:\/\/interreg-grace.eu\/de\/wp-json\/wp\/v2\/types\/post"}],"author":[{"embeddable":true,"href":"https:\/\/interreg-grace.eu\/de\/wp-json\/wp\/v2\/users\/3"}],"replies":[{"embeddable":true,"href":"https:\/\/interreg-grace.eu\/de\/wp-json\/wp\/v2\/comments?post=7370"}],"version-history":[{"count":0,"href":"https:\/\/interreg-grace.eu\/de\/wp-json\/wp\/v2\/posts\/7370\/revisions"}],"wp:featuredmedia":[{"embeddable":true,"href":"https:\/\/interreg-grace.eu\/de\/wp-json\/wp\/v2\/media\/7368"}],"wp:attachment":[{"href":"https:\/\/interreg-grace.eu\/de\/wp-json\/wp\/v2\/media?parent=7370"}],"wp:term":[{"taxonomy":"category","embeddable":true,"href":"https:\/\/interreg-grace.eu\/de\/wp-json\/wp\/v2\/categories?post=7370"},{"taxonomy":"post_tag","embeddable":true,"href":"https:\/\/interreg-grace.eu\/de\/wp-json\/wp\/v2\/tags?post=7370"}],"curies":[{"name":"wp","href":"https:\/\/api.w.org\/{rel}","templated":true}]}}