{"id":7014,"date":"2025-10-28T15:53:48","date_gmt":"2025-10-28T14:53:48","guid":{"rendered":"https:\/\/interreg-grace.eu\/grenzueberschreitende-residenz-fuer-digitale-kunst-bekanntgabe-der-ausgewaehlten-residenten\/"},"modified":"2025-10-28T15:53:48","modified_gmt":"2025-10-28T14:53:48","slug":"grenzueberschreitende-residenz-fuer-digitale-kunst-bekanntgabe-der-ausgewaehlten-residenten","status":"publish","type":"post","link":"https:\/\/interreg-grace.eu\/de\/grenzueberschreitende-residenz-fuer-digitale-kunst-bekanntgabe-der-ausgewaehlten-residenten\/","title":{"rendered":"Grenz\u00fcberschreitende Residenz f\u00fcr digitale Kunst: Bekanntgabe der ausgew\u00e4hlten Residenten"},"content":{"rendered":"<div class=\"body-text position-relative pt-4 pb-4\">\n<div class=\"container\">\n<div class=\"row\">\n<div class=\"col-12-12 col-md-8-12\"><\/div>\n<\/div>\n<\/div>\n<\/div>\n<div class=\"body-logos position-relative pt-4 pb-4\">\n<div class=\"container\">\n<div class=\"row\">\n<div class=\"col-12-12 col-md-8-12\">\n<div class=\"row\">\n<div class=\"col-12-12\">\n<div class=\"row logo-fluid-row\"><\/div>\n<\/div>\n<\/div>\n<\/div>\n<\/div>\n<\/div>\n<\/div>\n<div class=\"body-text position-relative pt-4 pb-4\">\n<div class=\"container\">\n<div class=\"row\">\n<div class=\"col-12-12 col-md-8-12\">\n<p>Im Juni dieses Jahres ver\u00f6ffentlichten die <a href=\"https:\/\/www.rotondes.lu\/\" target=\"_blank\" rel=\"noopener\">Rotondes<\/a>, die <a class=\"text-black text-underline\" href=\"https:\/\/metz.fr\/\" target=\"_blank\" rel=\"noreferrer noopener\">Stadt Metz<\/a> und der Kultur- und Begegnungsort <a class=\"text-black text-underline\" href=\"https:\/\/www.bliiida.fr\/\" target=\"_blank\" rel=\"noreferrer noopener\">BLIIIDA<\/a> (Metz) einen Aufruf zur Einreichung von Projekten f\u00fcr ihre zweite grenz\u00fcberschreitende Residenz, die von der Europ\u00e4ischen Union im Rahmen des <a class=\"text-black text-underline\" href=\"https:\/\/interreg-grace.eu\/de\/\" target=\"_blank\" rel=\"noreferrer noopener\">GRACE-Projekts (Interreg VI Gro\u00dfregion) <\/a>kofinanziert wird. Der Aufruf richtete sich an K\u00fcnstler, K\u00fcnstlerinnen und K\u00fcnstlergruppen, die im Bereich der digitalen und multimedialen Kunst t\u00e4tig sind. <\/p>\n<p>Der Moment ist gekommen, die beiden von der Jury ausgew\u00e4hlten Projekte bekannt zu geben: <em>AURA <\/em>von der VoG Minuit 47 und <em>Parasites <\/em>der K\u00fcnstlerin Am\u00e9lie Samson.<\/p>\n<\/div>\n<\/div>\n<\/div>\n<\/div>\n<div class=\"body-text position-relative pt-4 pb-4\">\n<div class=\"container\">\n<div class=\"row\">\n<div class=\"col-12-12 col-md-8-12\">\n<h4><em>AURA<\/em>, ein inklusives Instrument zum gemeinschaftlichen Musikmachen<\/h4>\n<p>Die Idee stammt vom Komponisten und Musiker Benjamin Gabriel und dem Doktor der Musikinformatik Victor Paredes, die sich in der VoG Minuit 47 zusammengeschlossen haben. <br \/><em>AURA <\/em>\u2013 Accessible Unified Audio Responsive ist ein kabelloses, modulares Musikinstrument, das auf K\u00f6rpersensoren basiert und ein intuitives und gemeinschaftliches Musikmachen erm\u00f6glicht.<\/p>\n<p>Das Projekt entspringt der Beobachtung, dass viele Menschen vor allem aus technischen, k\u00f6rperlichen oder finanziellen Gr\u00fcnden vom Musikmachen ausgeschlossen sind. Diese Hindernisse erschweren den Zugang zur Musik und schr\u00e4nken die Entwicklung einer gemeinschaftlichen k\u00fcnstlerischen Praxis ein. <\/p>\n<p>Die Herausforderung f\u00fcr <em>AURA <\/em>besteht daher darin, Musikinstrumente zu entwickeln, die sich an eine Vielzahl von Situationen anpassen lassen. Das Projekt basiert auf der Verwendung von K\u00f6rpersensoren, die Gesten und Bewegungen in musikalische Elemente umwandeln. <em>AURA <\/em>richtet sich an alle, einschlie\u00dflich Menschen mit Behinderungen, Kinder, Familien, P\u00e4dagogen und die breite \u00d6ffentlichkeit, und m\u00f6chte damit Gesten, K\u00f6rperlichkeit und gemeinsame Kreativit\u00e4t f\u00f6rdern.  <\/p>\n<\/div>\n<\/div>\n<\/div>\n<\/div>\n<div class=\"body-text position-relative pt-4 pb-4\">\n<div class=\"container\">\n<div class=\"row\">\n<div class=\"col-12-12 col-md-8-12\">\n<h4><em>Parasites<\/em>, die konkrete Form unserer Reiz\u00fcberflutung<\/h4>\n<p>Mit ihrer Installation <em>Parasites <\/em>verleiht Am\u00e9lie Samson den allgegenw\u00e4rtigen digitalen Ger\u00e4uschen unseres Alltags eine physische Form. Aus Aufnahmen vertrauter Ger\u00e4usche (Klicks, Benachrichtigungen, Ventilatoren usw.) erschafft die K\u00fcnstlerin unheimliche organische Kreaturen, die zu atmen scheinen und sich von dieser Kakophonie zu ern\u00e4hren scheinen. Diese durch Pumpen aktivierten und auf ausrangierten Ger\u00e4ten installierten Werke verdeutlichen unsere Reiz\u00fcberflutung und hinterfragen die Allgegenwart digitaler Ger\u00e4usche in dem Versuch, unsere Wahrnehmungsautomatismen zu umgehen.  <\/p>\n<p><em>Parasites <\/em>versucht nicht, ein Ph\u00e4nomen darzustellen, sondern uns mit dem zu konfrontieren, was wir gelernt haben zu ignorieren: die Manifestationen eines Systems, das sich von unserer Aufmerksamkeit n\u00e4hrt, einem begrenzten und daher kostbaren Gut. Im Zeitalter der Bildschirme und der Digitalisierung schl\u00e4gt <em>Parasites <\/em>eine Taktik des Widerstands vor: das, was die digitale Welt verbirgt, greifbar, sichtbar und h\u00f6rbar zu machen. <\/p>\n<\/div>\n<\/div>\n<\/div>\n<\/div>\n<div class=\"body-text position-relative pt-4 pb-4\">\n<div class=\"container\">\n<div class=\"row\">\n<div class=\"col-12-12 col-md-8-12\">\n<h4>Vierw\u00f6chige Residenz, zwei Pr\u00e4sentationen<\/h4>\n<p>Benjamin Gabriel, Victor Paredes und Am\u00e9lie Samson werden zwischen Anfang Dezember 2025 und Juni 2026 f\u00fcr vier Wochen zu Gast sein, zun\u00e4chst bei den Rotondes und anschlie\u00dfend im BLIIIDA in Metz. Dort k\u00f6nnen sie ihre \u00dcberlegungen und die Entwicklung ihres jeweiligen Projekts in aller Ruhe fortsetzen. Dar\u00fcber hinaus vergeben die Rotondes in Zusammenarbeit mit der <a class=\"text-black text-underline\" href=\"https:\/\/www.fdlux.lu\/fondations\/fondation-pwc-luxembourg\" target=\"_blank\" rel=\"noreferrer noopener\">Fondation PwC Luxembourg<\/a>, die unter der Schirmherrschaft der <a class=\"text-black text-underline\" href=\"https:\/\/www.fdlux.lu\/\" target=\"_blank\" rel=\"noreferrer noopener\">Fondation de Luxembourg<\/a> steht, das Stipendium <em>Multiplica<\/em>, das mit zweimal 15.000 \u20ac dotiert ist, zur Unterst\u00fctzung der Produktion und Verbreitung.  <\/p>\n<p>In den Rotondes wird eine erste Arbeitsphase im Rahmen des <a class=\"text-black text-underline\" href=\"https:\/\/www.rotondes.lu\/fr\/agenda\/multiplica-lab-2026\" target=\"_blank\" rel=\"noreferrer noopener\"><em>Multiplica Lab<\/em><\/a> am 21. Februar 2026 vorgestellt. Eine zweite Pr\u00e4sentation wird im Juni 2026 in Metz im Rahmen eines Fachtreffens stattfinden. <\/p>\n<\/div>\n<\/div>\n<\/div>\n<\/div>\n","protected":false},"excerpt":{"rendered":"<p>Im Juni dieses Jahres ver\u00f6ffentlichten die Rotondes, die Stadt Metz  [&#8230;]<\/p>\n","protected":false},"author":3,"featured_media":6992,"comment_status":"closed","ping_status":"closed","sticky":false,"template":"","format":"standard","meta":{"_acf_changed":false,"footnotes":""},"categories":[107,103,105],"tags":[],"class_list":["post-7014","post","type-post","status-publish","format-standard","has-post-thumbnail","hentry","category-arts-numeriques-de","category-frankreich","category-luxemburg"],"acf":[],"yoast_head":"<!-- This site is optimized with the Yoast SEO Premium plugin v24.7 (Yoast SEO v27.3) - https:\/\/yoast.com\/product\/yoast-seo-premium-wordpress\/ -->\n<title>Grenz\u00fcberschreitende Residenz f\u00fcr digitale Kunst: Bekanntgabe der ausgew\u00e4hlten Residenten - Projet GRACE<\/title>\n<meta name=\"robots\" content=\"index, follow, max-snippet:-1, max-image-preview:large, max-video-preview:-1\" \/>\n<link rel=\"canonical\" href=\"https:\/\/interreg-grace.eu\/de\/grenzueberschreitende-residenz-fuer-digitale-kunst-bekanntgabe-der-ausgewaehlten-residenten\/\" \/>\n<meta property=\"og:locale\" content=\"de_DE\" \/>\n<meta property=\"og:type\" content=\"article\" \/>\n<meta property=\"og:title\" content=\"Grenz\u00fcberschreitende Residenz f\u00fcr digitale Kunst: Bekanntgabe der ausgew\u00e4hlten Residenten\" \/>\n<meta property=\"og:description\" content=\"Im Juni dieses Jahres ver\u00f6ffentlichten die Rotondes, die Stadt Metz [...]\" \/>\n<meta property=\"og:url\" content=\"https:\/\/interreg-grace.eu\/de\/grenzueberschreitende-residenz-fuer-digitale-kunst-bekanntgabe-der-ausgewaehlten-residenten\/\" \/>\n<meta property=\"og:site_name\" content=\"Projet GRACE\" \/>\n<meta property=\"article:published_time\" content=\"2025-10-28T14:53:48+00:00\" \/>\n<meta property=\"og:image\" content=\"https:\/\/interreg-grace.eu\/wp-content\/uploads\/2025\/10\/Capture-decran-2025-10-28-154740.png\" \/>\n\t<meta property=\"og:image:width\" content=\"851\" \/>\n\t<meta property=\"og:image:height\" content=\"510\" \/>\n\t<meta property=\"og:image:type\" content=\"image\/png\" \/>\n<meta name=\"author\" content=\"Ville de Metz\" \/>\n<meta name=\"twitter:card\" content=\"summary_large_image\" \/>\n<meta name=\"twitter:label1\" content=\"Verfasst von\" \/>\n\t<meta name=\"twitter:data1\" content=\"Ville de Metz\" \/>\n\t<meta name=\"twitter:label2\" content=\"Gesch\u00e4tzte Lesezeit\" \/>\n\t<meta name=\"twitter:data2\" content=\"3\u00a0Minuten\" \/>\n<script type=\"application\/ld+json\" class=\"yoast-schema-graph\">{\"@context\":\"https:\\\/\\\/schema.org\",\"@graph\":[{\"@type\":\"Article\",\"@id\":\"https:\\\/\\\/interreg-grace.eu\\\/de\\\/grenzueberschreitende-residenz-fuer-digitale-kunst-bekanntgabe-der-ausgewaehlten-residenten\\\/#article\",\"isPartOf\":{\"@id\":\"https:\\\/\\\/interreg-grace.eu\\\/de\\\/grenzueberschreitende-residenz-fuer-digitale-kunst-bekanntgabe-der-ausgewaehlten-residenten\\\/\"},\"author\":{\"name\":\"Ville de Metz\",\"@id\":\"https:\\\/\\\/interreg-grace.eu\\\/de\\\/#\\\/schema\\\/person\\\/ccc2374cd4aafa848b195af2f58da273\"},\"headline\":\"Grenz\u00fcberschreitende Residenz f\u00fcr digitale Kunst: Bekanntgabe der ausgew\u00e4hlten Residenten\",\"datePublished\":\"2025-10-28T14:53:48+00:00\",\"mainEntityOfPage\":{\"@id\":\"https:\\\/\\\/interreg-grace.eu\\\/de\\\/grenzueberschreitende-residenz-fuer-digitale-kunst-bekanntgabe-der-ausgewaehlten-residenten\\\/\"},\"wordCount\":541,\"publisher\":{\"@id\":\"https:\\\/\\\/interreg-grace.eu\\\/de\\\/#organization\"},\"image\":{\"@id\":\"https:\\\/\\\/interreg-grace.eu\\\/de\\\/grenzueberschreitende-residenz-fuer-digitale-kunst-bekanntgabe-der-ausgewaehlten-residenten\\\/#primaryimage\"},\"thumbnailUrl\":\"https:\\\/\\\/interreg-grace.eu\\\/wp-content\\\/uploads\\\/2025\\\/10\\\/Capture-decran-2025-10-28-154740.png\",\"articleSection\":[\"Arts num\u00e9riques\",\"Frankreich\",\"Luxemburg\"],\"inLanguage\":\"de\"},{\"@type\":\"WebPage\",\"@id\":\"https:\\\/\\\/interreg-grace.eu\\\/de\\\/grenzueberschreitende-residenz-fuer-digitale-kunst-bekanntgabe-der-ausgewaehlten-residenten\\\/\",\"url\":\"https:\\\/\\\/interreg-grace.eu\\\/de\\\/grenzueberschreitende-residenz-fuer-digitale-kunst-bekanntgabe-der-ausgewaehlten-residenten\\\/\",\"name\":\"Grenz\u00fcberschreitende Residenz f\u00fcr digitale Kunst: Bekanntgabe der ausgew\u00e4hlten Residenten - Projet GRACE\",\"isPartOf\":{\"@id\":\"https:\\\/\\\/interreg-grace.eu\\\/de\\\/#website\"},\"primaryImageOfPage\":{\"@id\":\"https:\\\/\\\/interreg-grace.eu\\\/de\\\/grenzueberschreitende-residenz-fuer-digitale-kunst-bekanntgabe-der-ausgewaehlten-residenten\\\/#primaryimage\"},\"image\":{\"@id\":\"https:\\\/\\\/interreg-grace.eu\\\/de\\\/grenzueberschreitende-residenz-fuer-digitale-kunst-bekanntgabe-der-ausgewaehlten-residenten\\\/#primaryimage\"},\"thumbnailUrl\":\"https:\\\/\\\/interreg-grace.eu\\\/wp-content\\\/uploads\\\/2025\\\/10\\\/Capture-decran-2025-10-28-154740.png\",\"datePublished\":\"2025-10-28T14:53:48+00:00\",\"breadcrumb\":{\"@id\":\"https:\\\/\\\/interreg-grace.eu\\\/de\\\/grenzueberschreitende-residenz-fuer-digitale-kunst-bekanntgabe-der-ausgewaehlten-residenten\\\/#breadcrumb\"},\"inLanguage\":\"de\",\"potentialAction\":[{\"@type\":\"ReadAction\",\"target\":[\"https:\\\/\\\/interreg-grace.eu\\\/de\\\/grenzueberschreitende-residenz-fuer-digitale-kunst-bekanntgabe-der-ausgewaehlten-residenten\\\/\"]}]},{\"@type\":\"ImageObject\",\"inLanguage\":\"de\",\"@id\":\"https:\\\/\\\/interreg-grace.eu\\\/de\\\/grenzueberschreitende-residenz-fuer-digitale-kunst-bekanntgabe-der-ausgewaehlten-residenten\\\/#primaryimage\",\"url\":\"https:\\\/\\\/interreg-grace.eu\\\/wp-content\\\/uploads\\\/2025\\\/10\\\/Capture-decran-2025-10-28-154740.png\",\"contentUrl\":\"https:\\\/\\\/interreg-grace.eu\\\/wp-content\\\/uploads\\\/2025\\\/10\\\/Capture-decran-2025-10-28-154740.png\",\"width\":851,\"height\":510},{\"@type\":\"BreadcrumbList\",\"@id\":\"https:\\\/\\\/interreg-grace.eu\\\/de\\\/grenzueberschreitende-residenz-fuer-digitale-kunst-bekanntgabe-der-ausgewaehlten-residenten\\\/#breadcrumb\",\"itemListElement\":[{\"@type\":\"ListItem\",\"position\":1,\"name\":\"Accueil\",\"item\":\"https:\\\/\\\/interreg-grace.eu\\\/de\\\/\"},{\"@type\":\"ListItem\",\"position\":2,\"name\":\"Grenz\u00fcberschreitende Residenz f\u00fcr digitale Kunst: Bekanntgabe der ausgew\u00e4hlten Residenten\"}]},{\"@type\":\"WebSite\",\"@id\":\"https:\\\/\\\/interreg-grace.eu\\\/de\\\/#website\",\"url\":\"https:\\\/\\\/interreg-grace.eu\\\/de\\\/\",\"name\":\"Projet GRACE\",\"description\":\"Greater Region Artistic and Cultural Education\",\"publisher\":{\"@id\":\"https:\\\/\\\/interreg-grace.eu\\\/de\\\/#organization\"},\"potentialAction\":[{\"@type\":\"SearchAction\",\"target\":{\"@type\":\"EntryPoint\",\"urlTemplate\":\"https:\\\/\\\/interreg-grace.eu\\\/de\\\/?s={search_term_string}\"},\"query-input\":{\"@type\":\"PropertyValueSpecification\",\"valueRequired\":true,\"valueName\":\"search_term_string\"}}],\"inLanguage\":\"de\"},{\"@type\":\"Organization\",\"@id\":\"https:\\\/\\\/interreg-grace.eu\\\/de\\\/#organization\",\"name\":\"Interreg Grace\",\"alternateName\":\"Greater Region Artistic and Cultural Education\",\"url\":\"https:\\\/\\\/interreg-grace.eu\\\/de\\\/\",\"logo\":{\"@type\":\"ImageObject\",\"inLanguage\":\"de\",\"@id\":\"https:\\\/\\\/interreg-grace.eu\\\/de\\\/#\\\/schema\\\/logo\\\/image\\\/\",\"url\":\"https:\\\/\\\/interreg-grace.eu\\\/wp-content\\\/uploads\\\/2024\\\/08\\\/cropped-favicon-grace.webp\",\"contentUrl\":\"https:\\\/\\\/interreg-grace.eu\\\/wp-content\\\/uploads\\\/2024\\\/08\\\/cropped-favicon-grace.webp\",\"width\":512,\"height\":512,\"caption\":\"Interreg Grace\"},\"image\":{\"@id\":\"https:\\\/\\\/interreg-grace.eu\\\/de\\\/#\\\/schema\\\/logo\\\/image\\\/\"},\"sameAs\":[\"https:\\\/\\\/www.linkedin.com\\\/company\\\/interreg-grace\\\/\"]},{\"@type\":\"Person\",\"@id\":\"https:\\\/\\\/interreg-grace.eu\\\/de\\\/#\\\/schema\\\/person\\\/ccc2374cd4aafa848b195af2f58da273\",\"name\":\"Ville de Metz\",\"image\":{\"@type\":\"ImageObject\",\"inLanguage\":\"de\",\"@id\":\"https:\\\/\\\/secure.gravatar.com\\\/avatar\\\/c73302162b144d30e6007a894a7137797ba0b5d7099a990dd5875641b83c0287?s=96&d=mm&r=g\",\"url\":\"https:\\\/\\\/secure.gravatar.com\\\/avatar\\\/c73302162b144d30e6007a894a7137797ba0b5d7099a990dd5875641b83c0287?s=96&d=mm&r=g\",\"contentUrl\":\"https:\\\/\\\/secure.gravatar.com\\\/avatar\\\/c73302162b144d30e6007a894a7137797ba0b5d7099a990dd5875641b83c0287?s=96&d=mm&r=g\",\"caption\":\"Ville de Metz\"}}]}<\/script>\n<!-- \/ Yoast SEO Premium plugin. -->","yoast_head_json":{"title":"Grenz\u00fcberschreitende Residenz f\u00fcr digitale Kunst: Bekanntgabe der ausgew\u00e4hlten Residenten - Projet GRACE","robots":{"index":"index","follow":"follow","max-snippet":"max-snippet:-1","max-image-preview":"max-image-preview:large","max-video-preview":"max-video-preview:-1"},"canonical":"https:\/\/interreg-grace.eu\/de\/grenzueberschreitende-residenz-fuer-digitale-kunst-bekanntgabe-der-ausgewaehlten-residenten\/","og_locale":"de_DE","og_type":"article","og_title":"Grenz\u00fcberschreitende Residenz f\u00fcr digitale Kunst: Bekanntgabe der ausgew\u00e4hlten Residenten","og_description":"Im Juni dieses Jahres ver\u00f6ffentlichten die Rotondes, die Stadt Metz [...]","og_url":"https:\/\/interreg-grace.eu\/de\/grenzueberschreitende-residenz-fuer-digitale-kunst-bekanntgabe-der-ausgewaehlten-residenten\/","og_site_name":"Projet GRACE","article_published_time":"2025-10-28T14:53:48+00:00","og_image":[{"width":851,"height":510,"url":"https:\/\/interreg-grace.eu\/wp-content\/uploads\/2025\/10\/Capture-decran-2025-10-28-154740.png","type":"image\/png"}],"author":"Ville de Metz","twitter_card":"summary_large_image","twitter_misc":{"Verfasst von":"Ville de Metz","Gesch\u00e4tzte Lesezeit":"3\u00a0Minuten"},"schema":{"@context":"https:\/\/schema.org","@graph":[{"@type":"Article","@id":"https:\/\/interreg-grace.eu\/de\/grenzueberschreitende-residenz-fuer-digitale-kunst-bekanntgabe-der-ausgewaehlten-residenten\/#article","isPartOf":{"@id":"https:\/\/interreg-grace.eu\/de\/grenzueberschreitende-residenz-fuer-digitale-kunst-bekanntgabe-der-ausgewaehlten-residenten\/"},"author":{"name":"Ville de Metz","@id":"https:\/\/interreg-grace.eu\/de\/#\/schema\/person\/ccc2374cd4aafa848b195af2f58da273"},"headline":"Grenz\u00fcberschreitende Residenz f\u00fcr digitale Kunst: Bekanntgabe der ausgew\u00e4hlten Residenten","datePublished":"2025-10-28T14:53:48+00:00","mainEntityOfPage":{"@id":"https:\/\/interreg-grace.eu\/de\/grenzueberschreitende-residenz-fuer-digitale-kunst-bekanntgabe-der-ausgewaehlten-residenten\/"},"wordCount":541,"publisher":{"@id":"https:\/\/interreg-grace.eu\/de\/#organization"},"image":{"@id":"https:\/\/interreg-grace.eu\/de\/grenzueberschreitende-residenz-fuer-digitale-kunst-bekanntgabe-der-ausgewaehlten-residenten\/#primaryimage"},"thumbnailUrl":"https:\/\/interreg-grace.eu\/wp-content\/uploads\/2025\/10\/Capture-decran-2025-10-28-154740.png","articleSection":["Arts num\u00e9riques","Frankreich","Luxemburg"],"inLanguage":"de"},{"@type":"WebPage","@id":"https:\/\/interreg-grace.eu\/de\/grenzueberschreitende-residenz-fuer-digitale-kunst-bekanntgabe-der-ausgewaehlten-residenten\/","url":"https:\/\/interreg-grace.eu\/de\/grenzueberschreitende-residenz-fuer-digitale-kunst-bekanntgabe-der-ausgewaehlten-residenten\/","name":"Grenz\u00fcberschreitende Residenz f\u00fcr digitale Kunst: Bekanntgabe der ausgew\u00e4hlten Residenten - Projet GRACE","isPartOf":{"@id":"https:\/\/interreg-grace.eu\/de\/#website"},"primaryImageOfPage":{"@id":"https:\/\/interreg-grace.eu\/de\/grenzueberschreitende-residenz-fuer-digitale-kunst-bekanntgabe-der-ausgewaehlten-residenten\/#primaryimage"},"image":{"@id":"https:\/\/interreg-grace.eu\/de\/grenzueberschreitende-residenz-fuer-digitale-kunst-bekanntgabe-der-ausgewaehlten-residenten\/#primaryimage"},"thumbnailUrl":"https:\/\/interreg-grace.eu\/wp-content\/uploads\/2025\/10\/Capture-decran-2025-10-28-154740.png","datePublished":"2025-10-28T14:53:48+00:00","breadcrumb":{"@id":"https:\/\/interreg-grace.eu\/de\/grenzueberschreitende-residenz-fuer-digitale-kunst-bekanntgabe-der-ausgewaehlten-residenten\/#breadcrumb"},"inLanguage":"de","potentialAction":[{"@type":"ReadAction","target":["https:\/\/interreg-grace.eu\/de\/grenzueberschreitende-residenz-fuer-digitale-kunst-bekanntgabe-der-ausgewaehlten-residenten\/"]}]},{"@type":"ImageObject","inLanguage":"de","@id":"https:\/\/interreg-grace.eu\/de\/grenzueberschreitende-residenz-fuer-digitale-kunst-bekanntgabe-der-ausgewaehlten-residenten\/#primaryimage","url":"https:\/\/interreg-grace.eu\/wp-content\/uploads\/2025\/10\/Capture-decran-2025-10-28-154740.png","contentUrl":"https:\/\/interreg-grace.eu\/wp-content\/uploads\/2025\/10\/Capture-decran-2025-10-28-154740.png","width":851,"height":510},{"@type":"BreadcrumbList","@id":"https:\/\/interreg-grace.eu\/de\/grenzueberschreitende-residenz-fuer-digitale-kunst-bekanntgabe-der-ausgewaehlten-residenten\/#breadcrumb","itemListElement":[{"@type":"ListItem","position":1,"name":"Accueil","item":"https:\/\/interreg-grace.eu\/de\/"},{"@type":"ListItem","position":2,"name":"Grenz\u00fcberschreitende Residenz f\u00fcr digitale Kunst: Bekanntgabe der ausgew\u00e4hlten Residenten"}]},{"@type":"WebSite","@id":"https:\/\/interreg-grace.eu\/de\/#website","url":"https:\/\/interreg-grace.eu\/de\/","name":"Projet GRACE","description":"Greater Region Artistic and Cultural Education","publisher":{"@id":"https:\/\/interreg-grace.eu\/de\/#organization"},"potentialAction":[{"@type":"SearchAction","target":{"@type":"EntryPoint","urlTemplate":"https:\/\/interreg-grace.eu\/de\/?s={search_term_string}"},"query-input":{"@type":"PropertyValueSpecification","valueRequired":true,"valueName":"search_term_string"}}],"inLanguage":"de"},{"@type":"Organization","@id":"https:\/\/interreg-grace.eu\/de\/#organization","name":"Interreg Grace","alternateName":"Greater Region Artistic and Cultural Education","url":"https:\/\/interreg-grace.eu\/de\/","logo":{"@type":"ImageObject","inLanguage":"de","@id":"https:\/\/interreg-grace.eu\/de\/#\/schema\/logo\/image\/","url":"https:\/\/interreg-grace.eu\/wp-content\/uploads\/2024\/08\/cropped-favicon-grace.webp","contentUrl":"https:\/\/interreg-grace.eu\/wp-content\/uploads\/2024\/08\/cropped-favicon-grace.webp","width":512,"height":512,"caption":"Interreg Grace"},"image":{"@id":"https:\/\/interreg-grace.eu\/de\/#\/schema\/logo\/image\/"},"sameAs":["https:\/\/www.linkedin.com\/company\/interreg-grace\/"]},{"@type":"Person","@id":"https:\/\/interreg-grace.eu\/de\/#\/schema\/person\/ccc2374cd4aafa848b195af2f58da273","name":"Ville de Metz","image":{"@type":"ImageObject","inLanguage":"de","@id":"https:\/\/secure.gravatar.com\/avatar\/c73302162b144d30e6007a894a7137797ba0b5d7099a990dd5875641b83c0287?s=96&d=mm&r=g","url":"https:\/\/secure.gravatar.com\/avatar\/c73302162b144d30e6007a894a7137797ba0b5d7099a990dd5875641b83c0287?s=96&d=mm&r=g","contentUrl":"https:\/\/secure.gravatar.com\/avatar\/c73302162b144d30e6007a894a7137797ba0b5d7099a990dd5875641b83c0287?s=96&d=mm&r=g","caption":"Ville de Metz"}}]}},"_links":{"self":[{"href":"https:\/\/interreg-grace.eu\/de\/wp-json\/wp\/v2\/posts\/7014","targetHints":{"allow":["GET"]}}],"collection":[{"href":"https:\/\/interreg-grace.eu\/de\/wp-json\/wp\/v2\/posts"}],"about":[{"href":"https:\/\/interreg-grace.eu\/de\/wp-json\/wp\/v2\/types\/post"}],"author":[{"embeddable":true,"href":"https:\/\/interreg-grace.eu\/de\/wp-json\/wp\/v2\/users\/3"}],"replies":[{"embeddable":true,"href":"https:\/\/interreg-grace.eu\/de\/wp-json\/wp\/v2\/comments?post=7014"}],"version-history":[{"count":0,"href":"https:\/\/interreg-grace.eu\/de\/wp-json\/wp\/v2\/posts\/7014\/revisions"}],"wp:featuredmedia":[{"embeddable":true,"href":"https:\/\/interreg-grace.eu\/de\/wp-json\/wp\/v2\/media\/6992"}],"wp:attachment":[{"href":"https:\/\/interreg-grace.eu\/de\/wp-json\/wp\/v2\/media?parent=7014"}],"wp:term":[{"taxonomy":"category","embeddable":true,"href":"https:\/\/interreg-grace.eu\/de\/wp-json\/wp\/v2\/categories?post=7014"},{"taxonomy":"post_tag","embeddable":true,"href":"https:\/\/interreg-grace.eu\/de\/wp-json\/wp\/v2\/tags?post=7014"}],"curies":[{"name":"wp","href":"https:\/\/api.w.org\/{rel}","templated":true}]}}