{"id":6688,"date":"2025-06-17T09:29:11","date_gmt":"2025-06-17T07:29:11","guid":{"rendered":"https:\/\/interreg-grace.eu\/projektausschreibung-grenzueberschreitende-residenz-fuer-digitale-kunst-und-multimedia\/"},"modified":"2025-06-17T09:29:11","modified_gmt":"2025-06-17T07:29:11","slug":"projektausschreibung-grenzueberschreitende-residenz-fuer-digitale-kunst-und-multimedia","status":"publish","type":"post","link":"https:\/\/interreg-grace.eu\/de\/projektausschreibung-grenzueberschreitende-residenz-fuer-digitale-kunst-und-multimedia\/","title":{"rendered":"Projektausschreibung : Grenz\u00fcberschreitende Residenz f\u00fcr digitale Kunst und Multimedia"},"content":{"rendered":"<div class=\"body-text position-relative pt-4 pb-4\">\n<div class=\"container\">\n<div class=\"row\">\n<div class=\"col-12-12 col-md-8-12\">\n<p>Im Rahmen des Kooperationsprogramms <a class=\"text-black text-underline\" href=\"https:\/\/interreg-gr.eu\/\" target=\"_blank\" rel=\"noreferrer noopener\">INTERREG VI Gro\u00dfregion<\/a> bieten Les Rotondes, die Stadt Metz und der Drittort <a class=\"text-black text-underline\" href=\"https:\/\/www.bliiida.fr\/\" target=\"_blank\" rel=\"noreferrer noopener\">BLIIIDA <\/a>(Metz), allesamt Akteure des <a class=\"text-black text-underline\" href=\"https:\/\/interreg-grace.eu\/de\/\" target=\"_blank\" rel=\"noreferrer noopener\">Projekts GRACE<\/a> (Greater Region Artistic and Cultural Education), dieses Jahr eine zweite grenz\u00fcberschreitende Residenz f\u00fcr zwei K\u00fcnstler oder K\u00fcnstlerkollektive an. Diese erstreckt sich \u00fcber vier Wochen zwischen Anfang Dezember 2025 und Juni 2026 und findet in jedem Gebiet der teilnehmenden Einrichtungen statt, d. h. in Metz und Luxemburg.<\/p>\n<p>Dieses Residenzprojekt hat folgende Ziele:<\/p>\n<ul class=\"bullet-list\">\n<li class=\"mb-1\">Begleitung des Schaffensprozesses im Bereich der digitalen und multimedialen Kunst und damit Unterst\u00fctzung der Entstehung und Strukturierung der Kunstszene in der Gro\u00dfregion;<\/li>\n<li class=\"mb-1\">Zug\u00e4nglichkeit und Verst\u00e4ndlichkeit der digitalen und multimedialen Kunst f\u00fcr die Bewohner der Gro\u00dfregion durch die Entwicklung von Ma\u00dfnahmen zur kollektiven Gestaltung und Vermittlung f\u00fcr verschiedene Zielgruppen;<\/li>\n<li class=\"mb-1\">verschiedene Akteure aus Kultur und Bildung in der Gro\u00dfregion im Rahmen eines einzigartigen grenz\u00fcberschreitenden Kooperationsprojekts zusammenzubringen.<\/li>\n<\/ul>\n<\/div>\n<\/div>\n<\/div>\n<\/div>\n<div class=\"body-text position-relative pt-4 pb-4\">\n<div class=\"container\">\n<div class=\"row\">\n<div class=\"col-12-12 col-md-8-12\">\n<h4>Gesuchte Projekte<\/h4>\n<p>Interessierte K\u00fcnstler*innen (Einzelpersonen oder Kollektive) sind eingeladen, Projekte zur Schaffung eines Originalwerks und zur Einbeziehung des Publikums (partizipative Kreation oder k\u00fcnstlerische Bildung im Zusammenhang mit dem kreativen Prozess und\/oder dem Werk) einzureichen.<\/p>\n<p>Die Auswahl der beiden k\u00fcnstlerischen Projekte erfolgt durch eine grenz\u00fcberschreitende Jury, der Vertreter*innen der veranstaltenden Einrichtungen sowie eine Person der Stiftung PwC Luxembourg angeh\u00f6ren. Die Jury beurteilt dabei sowohl die Erfahrungen und Referenzen als auch die \u00dcbereinstimmung der Projektvorschl\u00e4ge mit den Kriterien der k\u00fcnstlerischen Kreation und kulturellen Vermittlung. <\/p>\n<p>Zur Halbzeit und am Ende der vierw\u00f6chigen Residenz werden die K\u00fcnstler*innen eingeladen, ihre Arbeit zu pr\u00e4sentieren:<br \/>\u2013 zun\u00e4chst w\u00e4hrend des <em>Multiplica Lab<\/em> am 21. Februar 2026 in den Rotondes,<br \/>\u2013 dann bei einem Fachtreffen zu digitalen K\u00fcnsten in Metz im Juni 2026.<\/p>\n<\/div>\n<\/div>\n<\/div>\n<\/div>\n<div class=\"body-text position-relative pt-4 pb-4\">\n<div class=\"container\">\n<div class=\"row\">\n<div class=\"col-12-12 col-md-8-12\">\n<h4>Wie kann man Interesse bekunden?<\/h4>\n<p>Interessierte K\u00fcnstler*innen m\u00fcssen ihre vollst\u00e4ndige Bewerbung bis sp\u00e4testens 21. September 2025 einreichen.<br \/>\nEin Online-Formular muss <a class=\"text-black text-underline\" href=\"https:\/\/forms.office.com\/e\/r4gRHHZkx9\" target=\"_blank\" rel=\"noreferrer noopener\">hier ausgef\u00fcllt <\/a>werden und die beizuf\u00fcgenden Dokumente per E-Mail an <a class=\"text-black text-underline\" href=\"mailto:interreggrace@gmail.com\" target=\"_blank\" rel=\"noreferrer noopener\">interreggrace@gmail.com<\/a> gesendet werden.<\/p>\n<p>Die Bewerbung kann auf Franz\u00f6sisch oder Englisch verfasst sein und muss folgende Unterlagen enthalten:<\/p>\n<ul class=\"bullet-list\">\n<li class=\"mb-1\">das vollst\u00e4ndig ausgef\u00fcllte Online-Formular, mit administrativen Angaben, einem k\u00fcnstlerischen Konzept, einem vorl\u00e4ufigen Projektentwurf entsprechend dem Ziel der Residenz, sowie einer Projektbeschreibung mit entweder einem partizipativen kreativen Prozess mit einem kulturfernen Publikum ODER inklusiven und mehrsprachigen Vermittlungsma\u00dfnahmen rund um das entstehende Werk;<\/li>\n<li class=\"mb-1\">den\/die Lebenslauf\/-l\u00e4ufe und Referenzen der K\u00fcnstler*innen;<\/li>\n<li class=\"mb-1\">einen detaillierten Finanzierungsplan, aus dem die personellen und materiellen Mittel f\u00fcr die Umsetzung des Projekts hervorgehen;<\/li>\n<li class=\"mb-1\">ein technisches Datenblatt mit den materiellen und technischen Anforderungen;<\/li>\n<li class=\"mb-1\">die erforderlichen Verwaltungsunterlagen.<\/li>\n<\/ul>\n<\/div>\n<\/div>\n<\/div>\n<\/div>\n<div class=\"body-text position-relative pt-4 pb-4\">\n<div class=\"container\">\n<div class=\"row\">\n<div class=\"col-12-12 col-md-8-12\">\n<h4>Weitere Informationen<\/h4>\n<p>Alle Informationen zur Residenz, den Teilnahmebedingungen, Auswahlkriterien, Budgetfragen, zum Zeitplan, den Orten etc. sind in den untenstehenden PDF-Dokumenten zu finden.<br \/>Ein Arbeitspapier zur Vorbereitung der Bewerbung steht ebenfalls zur Verf\u00fcgung. <\/p>\n<\/div>\n<\/div>\n<\/div>\n<\/div>\n<div class=\"body-downloads pt-4 pb-4 font-size-small\">\n<div class=\"container\">\n<div class=\"row\">\n<div class=\"col-12-12 col-md-8-12\">\n<h5 class=\"mb-2\">N\u00fctzliche Dokumente (Ausschreibung, technische Datenbl\u00e4tter usw.):<\/h5>\n<ul class=\"list-unstyled mb-0\">\n<li><a class=\"d-inline-flex\" href=\"https:\/\/www.rotondes.lu\/assets\/files\/Appels-Candidatures-Projets\/2025_Appel-a-projet-Interreg-Multiplica\/AAP-GRACE-Residence-transfrontaliere-AN-2025_2026.pdf\"><span class=\"d-inline-flex flex-column line-height-normal\"><span class=\"d-block\">Ausschreibung \u2013 GRACE Grenz\u00fcberschreitende Residenz 25\/26<\/span><span class=\"d-block text-gray-dark\"> \u2013 472\u202fKB (PDF)<\/span><\/span><\/a><\/li>\n<li class=\"mt-2\"><a class=\"d-inline-flex\" href=\"https:\/\/www.rotondes.lu\/assets\/files\/Appels-Candidatures-Projets\/2025_Appel-a-projet-Interreg-Multiplica\/Rotondes-Black-Box-Fiche-technique.pdf\"><span class=\"d-inline-flex flex-column line-height-normal\"><span class=\"d-block\">Rotondes\u2009\u2014Technisches Datenblatt Black Box <\/span><span class=\"d-block text-gray-dark\">1 Mo (PDF)<\/span><\/span><\/a><\/li>\n<li class=\"mt-2\"><a class=\"d-inline-flex\" href=\"https:\/\/www.rotondes.lu\/assets\/files\/Appels-Candidatures-Projets\/2025_Appel-a-projet-Interreg-Multiplica\/Rotondes-Studio-3-Fiche-technique.pdf\"><span class=\"d-inline-flex flex-column line-height-normal\"><span class=\"d-block\">Rotondes\u2009\u2014\u2009Technisches Datenblatt Studio 3<\/span><span class=\"d-block text-gray-dark\">950 Ko (PDF)<\/span><\/span><\/a><\/li>\n<li class=\"mt-2\"><a class=\"d-inline-flex\" href=\"https:\/\/www.rotondes.lu\/assets\/files\/Appels-Candidatures-Projets\/2025_Appel-a-projet-Interreg-Multiplica\/BLIIIDA-Fiche-technique-TWGH-Galerie-Materiel-complementaire.pdf\"><span class=\"d-inline-flex flex-column line-height-normal\"><span class=\"d-block\">BLIIIDA\u2009\u2014\u2009Technisches Datenblatt TWGH &amp; Galerie + Zusatzmaterial<\/span><span class=\"d-block text-gray-dark\">5 Mo (PDF)<\/span><\/span><\/a><\/li>\n<li class=\"mt-2\"><a class=\"d-inline-flex\" href=\"https:\/\/www.rotondes.lu\/assets\/files\/Appels-Candidatures-Projets\/2025_Appel-a-projet-Interreg-Multiplica\/BLIIIDA-Ateliers-partages.pdf\"><span class=\"d-inline-flex flex-column line-height-normal\"><span class=\"d-block\">BLIIIDA\u2009\u2014\u2009Gemeinsame Ateliers<\/span><span class=\"d-block text-gray-dark\">1 Mo (PDF)<\/span><\/span><\/a><\/li>\n<li class=\"mt-2\"><a class=\"d-inline-flex\" href=\"https:\/\/www.rotondes.lu\/assets\/files\/Appels-Candidatures-Projets\/2025_Appel-a-projet-Interreg-Multiplica\/Formulaire-de-candidature-GRACE-25-26_DOC-TRAVAIL.pdf\"><span class=\"d-inline-flex flex-column line-height-normal\"><span class=\"d-block\">Arbeitspapier \u2013 Hilfe zur Vorbereitung der Bewerbung <\/span><span class=\"d-block text-gray-dark\">113 Ko (PDF)<\/span><\/span><\/a><\/li>\n<\/ul>\n<\/div>\n<\/div>\n<\/div>\n<\/div>\n<div class=\"body-text position-relative pt-4 pb-4\">\n<div class=\"container\">\n<div class=\"row\">\n<div class=\"col-12-12 col-md-8-12\">\n<p>Fragen k\u00f6nnen per E-Mail \u2013 auf Franz\u00f6sisch oder Englisch \u2013 an das Koordinationsteam des Projekts INTERREG VI GRACE gerichtet werden: <a class=\"text-black text-underline\" href=\"mailto:interreggrace@gmail.com\" target=\"_blank\" rel=\"noreferrer noopener\">interreggrace@gmail.com<\/a>.<\/p>\n<p>Die Antworten auf alle eingehenden Fragen werden in einem gemeinsamen Dokument ver\u00f6ffentlicht, das \u00fcber folgenden Link zug\u00e4nglich ist, um eine gleichberechtigte Behandlung zu gew\u00e4hrleisten: <a class=\"text-black text-underline\" href=\"https:\/\/docs.google.com\/document\/d\/18aUhq_KIw5Y2nPylIptaCEKjgFGH3cye1dUpfuW8foE\" target=\"_blank\" rel=\"noreferrer noopener\">https:\/\/\u200bdocs\u200b.google\u200b.com\/\u200bd\u200bo\u200bc\u200bu\u200bm\u200be\u200bn\u200bt\u200b\/\u200bd\u200b\/\u200b1\u200b8\u200ba\u200bU\u200bh\u200bq\u200b_\u200bK\u200bI\u200bw\u200b5\u200bY\u200b2\u200bn\u200bP\u200by\u200bl\u200bI\u200bp\u200bt\u200ba\u200bC\u200bE\u200bK\u200bj\u200bg\u200bF\u200bG\u200bH\u200b3\u200bc\u200by\u200be\u200b1\u200bd\u200bU\u200bp\u200bf\u200bu\u200bW8foE<\/a><\/p>\n<p>Fragen und Antworten aus der vorherigen Ausschreibung k\u00f6nnen im selben Dokument eingesehen werden.<\/p>\n<\/div>\n<\/div>\n<\/div>\n<\/div>\n","protected":false},"excerpt":{"rendered":"<p>Im Rahmen des Kooperationsprogramms INTERREG VI Gro\u00dfregion bieten Les Rotondes,  [&#8230;]<\/p>\n","protected":false},"author":3,"featured_media":6417,"comment_status":"open","ping_status":"open","sticky":false,"template":"","format":"standard","meta":{"_acf_changed":false,"footnotes":""},"categories":[107,103,105],"tags":[100],"class_list":["post-6688","post","type-post","status-publish","format-standard","has-post-thumbnail","hentry","category-arts-numeriques-de","category-frankreich","category-luxemburg","tag-digitale-kunste"],"acf":[],"yoast_head":"<!-- This site is optimized with the Yoast SEO Premium plugin v24.7 (Yoast SEO v27.3) - https:\/\/yoast.com\/product\/yoast-seo-premium-wordpress\/ -->\n<title>Projektausschreibung : Grenz\u00fcberschreitende Residenz f\u00fcr digitale Kunst und Multimedia - Projet GRACE<\/title>\n<meta name=\"robots\" content=\"index, follow, max-snippet:-1, max-image-preview:large, max-video-preview:-1\" \/>\n<link rel=\"canonical\" href=\"https:\/\/interreg-grace.eu\/de\/projektausschreibung-grenzueberschreitende-residenz-fuer-digitale-kunst-und-multimedia\/\" \/>\n<meta property=\"og:locale\" content=\"de_DE\" \/>\n<meta property=\"og:type\" content=\"article\" \/>\n<meta property=\"og:title\" content=\"Projektausschreibung : Grenz\u00fcberschreitende Residenz f\u00fcr digitale Kunst und Multimedia\" \/>\n<meta property=\"og:description\" content=\"Im Rahmen des Kooperationsprogramms INTERREG VI Gro\u00dfregion bieten Les Rotondes, [...]\" \/>\n<meta property=\"og:url\" content=\"https:\/\/interreg-grace.eu\/de\/projektausschreibung-grenzueberschreitende-residenz-fuer-digitale-kunst-und-multimedia\/\" \/>\n<meta property=\"og:site_name\" content=\"Projet GRACE\" \/>\n<meta property=\"article:published_time\" content=\"2025-06-17T07:29:11+00:00\" \/>\n<meta property=\"og:image\" content=\"https:\/\/interreg-grace.eu\/wp-content\/uploads\/2025\/06\/Works_In_Progress_2025-2-photo_Eric-Engel_WEB_d70a9d23c48dd488e5f579df27b4dbfd.jpg\" \/>\n\t<meta property=\"og:image:width\" content=\"423\" \/>\n\t<meta property=\"og:image:height\" content=\"600\" \/>\n\t<meta property=\"og:image:type\" content=\"image\/jpeg\" \/>\n<meta name=\"author\" content=\"Ville de Metz\" \/>\n<meta name=\"twitter:card\" content=\"summary_large_image\" \/>\n<meta name=\"twitter:label1\" content=\"Verfasst von\" \/>\n\t<meta name=\"twitter:data1\" content=\"Ville de Metz\" \/>\n\t<meta name=\"twitter:label2\" content=\"Gesch\u00e4tzte Lesezeit\" \/>\n\t<meta name=\"twitter:data2\" content=\"3\u00a0Minuten\" \/>\n<script type=\"application\/ld+json\" class=\"yoast-schema-graph\">{\"@context\":\"https:\\\/\\\/schema.org\",\"@graph\":[{\"@type\":\"Article\",\"@id\":\"https:\\\/\\\/interreg-grace.eu\\\/de\\\/projektausschreibung-grenzueberschreitende-residenz-fuer-digitale-kunst-und-multimedia\\\/#article\",\"isPartOf\":{\"@id\":\"https:\\\/\\\/interreg-grace.eu\\\/de\\\/projektausschreibung-grenzueberschreitende-residenz-fuer-digitale-kunst-und-multimedia\\\/\"},\"author\":{\"name\":\"Ville de Metz\",\"@id\":\"https:\\\/\\\/interreg-grace.eu\\\/de\\\/#\\\/schema\\\/person\\\/ccc2374cd4aafa848b195af2f58da273\"},\"headline\":\"Projektausschreibung : Grenz\u00fcberschreitende Residenz f\u00fcr digitale Kunst und Multimedia\",\"datePublished\":\"2025-06-17T07:29:11+00:00\",\"mainEntityOfPage\":{\"@id\":\"https:\\\/\\\/interreg-grace.eu\\\/de\\\/projektausschreibung-grenzueberschreitende-residenz-fuer-digitale-kunst-und-multimedia\\\/\"},\"wordCount\":632,\"commentCount\":0,\"publisher\":{\"@id\":\"https:\\\/\\\/interreg-grace.eu\\\/de\\\/#organization\"},\"image\":{\"@id\":\"https:\\\/\\\/interreg-grace.eu\\\/de\\\/projektausschreibung-grenzueberschreitende-residenz-fuer-digitale-kunst-und-multimedia\\\/#primaryimage\"},\"thumbnailUrl\":\"https:\\\/\\\/interreg-grace.eu\\\/wp-content\\\/uploads\\\/2025\\\/06\\\/Works_In_Progress_2025-2-photo_Eric-Engel_WEB_d70a9d23c48dd488e5f579df27b4dbfd.jpg\",\"keywords\":[\"Digitale K\u00fcnste\"],\"articleSection\":[\"Arts num\u00e9riques\",\"Frankreich\",\"Luxemburg\"],\"inLanguage\":\"de\",\"potentialAction\":[{\"@type\":\"CommentAction\",\"name\":\"Comment\",\"target\":[\"https:\\\/\\\/interreg-grace.eu\\\/de\\\/projektausschreibung-grenzueberschreitende-residenz-fuer-digitale-kunst-und-multimedia\\\/#respond\"]}]},{\"@type\":\"WebPage\",\"@id\":\"https:\\\/\\\/interreg-grace.eu\\\/de\\\/projektausschreibung-grenzueberschreitende-residenz-fuer-digitale-kunst-und-multimedia\\\/\",\"url\":\"https:\\\/\\\/interreg-grace.eu\\\/de\\\/projektausschreibung-grenzueberschreitende-residenz-fuer-digitale-kunst-und-multimedia\\\/\",\"name\":\"Projektausschreibung : Grenz\u00fcberschreitende Residenz f\u00fcr digitale Kunst und Multimedia - Projet GRACE\",\"isPartOf\":{\"@id\":\"https:\\\/\\\/interreg-grace.eu\\\/de\\\/#website\"},\"primaryImageOfPage\":{\"@id\":\"https:\\\/\\\/interreg-grace.eu\\\/de\\\/projektausschreibung-grenzueberschreitende-residenz-fuer-digitale-kunst-und-multimedia\\\/#primaryimage\"},\"image\":{\"@id\":\"https:\\\/\\\/interreg-grace.eu\\\/de\\\/projektausschreibung-grenzueberschreitende-residenz-fuer-digitale-kunst-und-multimedia\\\/#primaryimage\"},\"thumbnailUrl\":\"https:\\\/\\\/interreg-grace.eu\\\/wp-content\\\/uploads\\\/2025\\\/06\\\/Works_In_Progress_2025-2-photo_Eric-Engel_WEB_d70a9d23c48dd488e5f579df27b4dbfd.jpg\",\"datePublished\":\"2025-06-17T07:29:11+00:00\",\"breadcrumb\":{\"@id\":\"https:\\\/\\\/interreg-grace.eu\\\/de\\\/projektausschreibung-grenzueberschreitende-residenz-fuer-digitale-kunst-und-multimedia\\\/#breadcrumb\"},\"inLanguage\":\"de\",\"potentialAction\":[{\"@type\":\"ReadAction\",\"target\":[\"https:\\\/\\\/interreg-grace.eu\\\/de\\\/projektausschreibung-grenzueberschreitende-residenz-fuer-digitale-kunst-und-multimedia\\\/\"]}]},{\"@type\":\"ImageObject\",\"inLanguage\":\"de\",\"@id\":\"https:\\\/\\\/interreg-grace.eu\\\/de\\\/projektausschreibung-grenzueberschreitende-residenz-fuer-digitale-kunst-und-multimedia\\\/#primaryimage\",\"url\":\"https:\\\/\\\/interreg-grace.eu\\\/wp-content\\\/uploads\\\/2025\\\/06\\\/Works_In_Progress_2025-2-photo_Eric-Engel_WEB_d70a9d23c48dd488e5f579df27b4dbfd.jpg\",\"contentUrl\":\"https:\\\/\\\/interreg-grace.eu\\\/wp-content\\\/uploads\\\/2025\\\/06\\\/Works_In_Progress_2025-2-photo_Eric-Engel_WEB_d70a9d23c48dd488e5f579df27b4dbfd.jpg\",\"width\":423,\"height\":600},{\"@type\":\"BreadcrumbList\",\"@id\":\"https:\\\/\\\/interreg-grace.eu\\\/de\\\/projektausschreibung-grenzueberschreitende-residenz-fuer-digitale-kunst-und-multimedia\\\/#breadcrumb\",\"itemListElement\":[{\"@type\":\"ListItem\",\"position\":1,\"name\":\"Accueil\",\"item\":\"https:\\\/\\\/interreg-grace.eu\\\/de\\\/\"},{\"@type\":\"ListItem\",\"position\":2,\"name\":\"Projektausschreibung : Grenz\u00fcberschreitende Residenz f\u00fcr digitale Kunst und Multimedia\"}]},{\"@type\":\"WebSite\",\"@id\":\"https:\\\/\\\/interreg-grace.eu\\\/de\\\/#website\",\"url\":\"https:\\\/\\\/interreg-grace.eu\\\/de\\\/\",\"name\":\"Projet GRACE\",\"description\":\"Greater Region Artistic and Cultural Education\",\"publisher\":{\"@id\":\"https:\\\/\\\/interreg-grace.eu\\\/de\\\/#organization\"},\"potentialAction\":[{\"@type\":\"SearchAction\",\"target\":{\"@type\":\"EntryPoint\",\"urlTemplate\":\"https:\\\/\\\/interreg-grace.eu\\\/de\\\/?s={search_term_string}\"},\"query-input\":{\"@type\":\"PropertyValueSpecification\",\"valueRequired\":true,\"valueName\":\"search_term_string\"}}],\"inLanguage\":\"de\"},{\"@type\":\"Organization\",\"@id\":\"https:\\\/\\\/interreg-grace.eu\\\/de\\\/#organization\",\"name\":\"Interreg Grace\",\"alternateName\":\"Greater Region Artistic and Cultural Education\",\"url\":\"https:\\\/\\\/interreg-grace.eu\\\/de\\\/\",\"logo\":{\"@type\":\"ImageObject\",\"inLanguage\":\"de\",\"@id\":\"https:\\\/\\\/interreg-grace.eu\\\/de\\\/#\\\/schema\\\/logo\\\/image\\\/\",\"url\":\"https:\\\/\\\/interreg-grace.eu\\\/wp-content\\\/uploads\\\/2024\\\/08\\\/cropped-favicon-grace.webp\",\"contentUrl\":\"https:\\\/\\\/interreg-grace.eu\\\/wp-content\\\/uploads\\\/2024\\\/08\\\/cropped-favicon-grace.webp\",\"width\":512,\"height\":512,\"caption\":\"Interreg Grace\"},\"image\":{\"@id\":\"https:\\\/\\\/interreg-grace.eu\\\/de\\\/#\\\/schema\\\/logo\\\/image\\\/\"},\"sameAs\":[\"https:\\\/\\\/www.linkedin.com\\\/company\\\/interreg-grace\\\/\"]},{\"@type\":\"Person\",\"@id\":\"https:\\\/\\\/interreg-grace.eu\\\/de\\\/#\\\/schema\\\/person\\\/ccc2374cd4aafa848b195af2f58da273\",\"name\":\"Ville de Metz\",\"image\":{\"@type\":\"ImageObject\",\"inLanguage\":\"de\",\"@id\":\"https:\\\/\\\/secure.gravatar.com\\\/avatar\\\/c73302162b144d30e6007a894a7137797ba0b5d7099a990dd5875641b83c0287?s=96&d=mm&r=g\",\"url\":\"https:\\\/\\\/secure.gravatar.com\\\/avatar\\\/c73302162b144d30e6007a894a7137797ba0b5d7099a990dd5875641b83c0287?s=96&d=mm&r=g\",\"contentUrl\":\"https:\\\/\\\/secure.gravatar.com\\\/avatar\\\/c73302162b144d30e6007a894a7137797ba0b5d7099a990dd5875641b83c0287?s=96&d=mm&r=g\",\"caption\":\"Ville de Metz\"}}]}<\/script>\n<!-- \/ Yoast SEO Premium plugin. -->","yoast_head_json":{"title":"Projektausschreibung : Grenz\u00fcberschreitende Residenz f\u00fcr digitale Kunst und Multimedia - Projet GRACE","robots":{"index":"index","follow":"follow","max-snippet":"max-snippet:-1","max-image-preview":"max-image-preview:large","max-video-preview":"max-video-preview:-1"},"canonical":"https:\/\/interreg-grace.eu\/de\/projektausschreibung-grenzueberschreitende-residenz-fuer-digitale-kunst-und-multimedia\/","og_locale":"de_DE","og_type":"article","og_title":"Projektausschreibung : Grenz\u00fcberschreitende Residenz f\u00fcr digitale Kunst und Multimedia","og_description":"Im Rahmen des Kooperationsprogramms INTERREG VI Gro\u00dfregion bieten Les Rotondes, [...]","og_url":"https:\/\/interreg-grace.eu\/de\/projektausschreibung-grenzueberschreitende-residenz-fuer-digitale-kunst-und-multimedia\/","og_site_name":"Projet GRACE","article_published_time":"2025-06-17T07:29:11+00:00","og_image":[{"width":423,"height":600,"url":"https:\/\/interreg-grace.eu\/wp-content\/uploads\/2025\/06\/Works_In_Progress_2025-2-photo_Eric-Engel_WEB_d70a9d23c48dd488e5f579df27b4dbfd.jpg","type":"image\/jpeg"}],"author":"Ville de Metz","twitter_card":"summary_large_image","twitter_misc":{"Verfasst von":"Ville de Metz","Gesch\u00e4tzte Lesezeit":"3\u00a0Minuten"},"schema":{"@context":"https:\/\/schema.org","@graph":[{"@type":"Article","@id":"https:\/\/interreg-grace.eu\/de\/projektausschreibung-grenzueberschreitende-residenz-fuer-digitale-kunst-und-multimedia\/#article","isPartOf":{"@id":"https:\/\/interreg-grace.eu\/de\/projektausschreibung-grenzueberschreitende-residenz-fuer-digitale-kunst-und-multimedia\/"},"author":{"name":"Ville de Metz","@id":"https:\/\/interreg-grace.eu\/de\/#\/schema\/person\/ccc2374cd4aafa848b195af2f58da273"},"headline":"Projektausschreibung : Grenz\u00fcberschreitende Residenz f\u00fcr digitale Kunst und Multimedia","datePublished":"2025-06-17T07:29:11+00:00","mainEntityOfPage":{"@id":"https:\/\/interreg-grace.eu\/de\/projektausschreibung-grenzueberschreitende-residenz-fuer-digitale-kunst-und-multimedia\/"},"wordCount":632,"commentCount":0,"publisher":{"@id":"https:\/\/interreg-grace.eu\/de\/#organization"},"image":{"@id":"https:\/\/interreg-grace.eu\/de\/projektausschreibung-grenzueberschreitende-residenz-fuer-digitale-kunst-und-multimedia\/#primaryimage"},"thumbnailUrl":"https:\/\/interreg-grace.eu\/wp-content\/uploads\/2025\/06\/Works_In_Progress_2025-2-photo_Eric-Engel_WEB_d70a9d23c48dd488e5f579df27b4dbfd.jpg","keywords":["Digitale K\u00fcnste"],"articleSection":["Arts num\u00e9riques","Frankreich","Luxemburg"],"inLanguage":"de","potentialAction":[{"@type":"CommentAction","name":"Comment","target":["https:\/\/interreg-grace.eu\/de\/projektausschreibung-grenzueberschreitende-residenz-fuer-digitale-kunst-und-multimedia\/#respond"]}]},{"@type":"WebPage","@id":"https:\/\/interreg-grace.eu\/de\/projektausschreibung-grenzueberschreitende-residenz-fuer-digitale-kunst-und-multimedia\/","url":"https:\/\/interreg-grace.eu\/de\/projektausschreibung-grenzueberschreitende-residenz-fuer-digitale-kunst-und-multimedia\/","name":"Projektausschreibung : Grenz\u00fcberschreitende Residenz f\u00fcr digitale Kunst und Multimedia - Projet GRACE","isPartOf":{"@id":"https:\/\/interreg-grace.eu\/de\/#website"},"primaryImageOfPage":{"@id":"https:\/\/interreg-grace.eu\/de\/projektausschreibung-grenzueberschreitende-residenz-fuer-digitale-kunst-und-multimedia\/#primaryimage"},"image":{"@id":"https:\/\/interreg-grace.eu\/de\/projektausschreibung-grenzueberschreitende-residenz-fuer-digitale-kunst-und-multimedia\/#primaryimage"},"thumbnailUrl":"https:\/\/interreg-grace.eu\/wp-content\/uploads\/2025\/06\/Works_In_Progress_2025-2-photo_Eric-Engel_WEB_d70a9d23c48dd488e5f579df27b4dbfd.jpg","datePublished":"2025-06-17T07:29:11+00:00","breadcrumb":{"@id":"https:\/\/interreg-grace.eu\/de\/projektausschreibung-grenzueberschreitende-residenz-fuer-digitale-kunst-und-multimedia\/#breadcrumb"},"inLanguage":"de","potentialAction":[{"@type":"ReadAction","target":["https:\/\/interreg-grace.eu\/de\/projektausschreibung-grenzueberschreitende-residenz-fuer-digitale-kunst-und-multimedia\/"]}]},{"@type":"ImageObject","inLanguage":"de","@id":"https:\/\/interreg-grace.eu\/de\/projektausschreibung-grenzueberschreitende-residenz-fuer-digitale-kunst-und-multimedia\/#primaryimage","url":"https:\/\/interreg-grace.eu\/wp-content\/uploads\/2025\/06\/Works_In_Progress_2025-2-photo_Eric-Engel_WEB_d70a9d23c48dd488e5f579df27b4dbfd.jpg","contentUrl":"https:\/\/interreg-grace.eu\/wp-content\/uploads\/2025\/06\/Works_In_Progress_2025-2-photo_Eric-Engel_WEB_d70a9d23c48dd488e5f579df27b4dbfd.jpg","width":423,"height":600},{"@type":"BreadcrumbList","@id":"https:\/\/interreg-grace.eu\/de\/projektausschreibung-grenzueberschreitende-residenz-fuer-digitale-kunst-und-multimedia\/#breadcrumb","itemListElement":[{"@type":"ListItem","position":1,"name":"Accueil","item":"https:\/\/interreg-grace.eu\/de\/"},{"@type":"ListItem","position":2,"name":"Projektausschreibung : Grenz\u00fcberschreitende Residenz f\u00fcr digitale Kunst und Multimedia"}]},{"@type":"WebSite","@id":"https:\/\/interreg-grace.eu\/de\/#website","url":"https:\/\/interreg-grace.eu\/de\/","name":"Projet GRACE","description":"Greater Region Artistic and Cultural Education","publisher":{"@id":"https:\/\/interreg-grace.eu\/de\/#organization"},"potentialAction":[{"@type":"SearchAction","target":{"@type":"EntryPoint","urlTemplate":"https:\/\/interreg-grace.eu\/de\/?s={search_term_string}"},"query-input":{"@type":"PropertyValueSpecification","valueRequired":true,"valueName":"search_term_string"}}],"inLanguage":"de"},{"@type":"Organization","@id":"https:\/\/interreg-grace.eu\/de\/#organization","name":"Interreg Grace","alternateName":"Greater Region Artistic and Cultural Education","url":"https:\/\/interreg-grace.eu\/de\/","logo":{"@type":"ImageObject","inLanguage":"de","@id":"https:\/\/interreg-grace.eu\/de\/#\/schema\/logo\/image\/","url":"https:\/\/interreg-grace.eu\/wp-content\/uploads\/2024\/08\/cropped-favicon-grace.webp","contentUrl":"https:\/\/interreg-grace.eu\/wp-content\/uploads\/2024\/08\/cropped-favicon-grace.webp","width":512,"height":512,"caption":"Interreg Grace"},"image":{"@id":"https:\/\/interreg-grace.eu\/de\/#\/schema\/logo\/image\/"},"sameAs":["https:\/\/www.linkedin.com\/company\/interreg-grace\/"]},{"@type":"Person","@id":"https:\/\/interreg-grace.eu\/de\/#\/schema\/person\/ccc2374cd4aafa848b195af2f58da273","name":"Ville de Metz","image":{"@type":"ImageObject","inLanguage":"de","@id":"https:\/\/secure.gravatar.com\/avatar\/c73302162b144d30e6007a894a7137797ba0b5d7099a990dd5875641b83c0287?s=96&d=mm&r=g","url":"https:\/\/secure.gravatar.com\/avatar\/c73302162b144d30e6007a894a7137797ba0b5d7099a990dd5875641b83c0287?s=96&d=mm&r=g","contentUrl":"https:\/\/secure.gravatar.com\/avatar\/c73302162b144d30e6007a894a7137797ba0b5d7099a990dd5875641b83c0287?s=96&d=mm&r=g","caption":"Ville de Metz"}}]}},"_links":{"self":[{"href":"https:\/\/interreg-grace.eu\/de\/wp-json\/wp\/v2\/posts\/6688","targetHints":{"allow":["GET"]}}],"collection":[{"href":"https:\/\/interreg-grace.eu\/de\/wp-json\/wp\/v2\/posts"}],"about":[{"href":"https:\/\/interreg-grace.eu\/de\/wp-json\/wp\/v2\/types\/post"}],"author":[{"embeddable":true,"href":"https:\/\/interreg-grace.eu\/de\/wp-json\/wp\/v2\/users\/3"}],"replies":[{"embeddable":true,"href":"https:\/\/interreg-grace.eu\/de\/wp-json\/wp\/v2\/comments?post=6688"}],"version-history":[{"count":0,"href":"https:\/\/interreg-grace.eu\/de\/wp-json\/wp\/v2\/posts\/6688\/revisions"}],"wp:featuredmedia":[{"embeddable":true,"href":"https:\/\/interreg-grace.eu\/de\/wp-json\/wp\/v2\/media\/6417"}],"wp:attachment":[{"href":"https:\/\/interreg-grace.eu\/de\/wp-json\/wp\/v2\/media?parent=6688"}],"wp:term":[{"taxonomy":"category","embeddable":true,"href":"https:\/\/interreg-grace.eu\/de\/wp-json\/wp\/v2\/categories?post=6688"},{"taxonomy":"post_tag","embeddable":true,"href":"https:\/\/interreg-grace.eu\/de\/wp-json\/wp\/v2\/tags?post=6688"}],"curies":[{"name":"wp","href":"https:\/\/api.w.org\/{rel}","templated":true}]}}