{"id":6676,"date":"2025-07-18T09:08:27","date_gmt":"2025-07-18T07:08:27","guid":{"rendered":"https:\/\/interreg-grace.eu\/ausschreibung-gezeichnete-karte-der-stadt-luettich\/"},"modified":"2025-07-18T09:08:27","modified_gmt":"2025-07-18T07:08:27","slug":"ausschreibung-gezeichnete-karte-der-stadt-luettich","status":"publish","type":"post","link":"https:\/\/interreg-grace.eu\/de\/ausschreibung-gezeichnete-karte-der-stadt-luettich\/","title":{"rendered":"Ausschreibung: gezeichnete Karte der Stadt L\u00fcttich"},"content":{"rendered":"<h4>Die Abteilung f\u00fcr Kunst, Wissenschaft und Innovation der <em><strong>Universit\u00e4t L\u00fcttich<\/strong><\/em> schreibt einen Wettbewerb f\u00fcr die Erstellung einer <strong><em>gezeichneten Karte der Stadt L\u00fcttich<\/em><\/strong> aus, die die Besucher:innen dazu einladen soll, etwa zwanzig Orte zu entdecken, die das wissenschaftliche und technische Erbe unserer Stadt verk\u00f6rpern: \u201eSTS Ardent City Tour\u201c. Diese Residenz wird im Rahmen des GRACE-Projekts \u201eInterreg VI Gro\u00dfregion\u201c organisiert.<\/h4>\n<p>Diese Karte muss das Zentrum von L\u00fcttich (von Saint-L\u00e9onard, Pierreuse bis Val-Beno\u00eet, einschlie\u00dflich Outremeuse und eventuell Chartreuse) abdecken. Es geht nicht darum, dass alle Stra\u00dfennamen genau angegeben sind oder ein strikter Ma\u00dfstab eingehalten wird, sondern vielmehr darum, dass die Orte, die wir hervorheben m\u00f6chten, leicht zu finden sind. <\/p>\n<p>Beispiele f\u00fcr solche Orte: la Cyclerie, la Glaci\u00e8re, die Gew\u00e4chsh\u00e4user des Botanischen Gartens, der kybernetische Turm, L&#8217;oeil de l&#8217;areine.<\/p>\n<p>Diese Karte soll ein <strong>Format von 40 x 60 cm haben und auf Papier gedruckt werden<\/strong>.<\/p>\n<p>Sie soll von der Universit\u00e4t L\u00fcttich und der Stadt L\u00fcttich f\u00fcr den nichtkommerziellen Gebrauch herausgegeben werden.<\/p>\n<p>Eine gedruckte Version soll von der Universit\u00e4t L\u00fcttich und der Stadt L\u00fcttich kostenlos verteilt werden und kann unter denselben Bedingungen von den Partnern des GRACE-Projekts \u201eInterreg VI Gro\u00dfregion\u201c zur Verf\u00fcgung gestellt und verteilt werden.<\/p>\n<p>Der bzw. die K\u00fcnstler\/in \u00fcbertr\u00e4gt somit die Vervielf\u00e4ltigungsrechte an seinem\/ihrem Werk in diesem Rahmen und zu diesem Zweck.<\/p>\n<p>Auf der Vorderseite soll der k\u00fcnstlerische Entwurf abgebildet werden.<\/p>\n<p>Auf der R\u00fcckseite sollen Erl\u00e4uterungen und Wissenswertes zu den Sehensw\u00fcrdigkeiten abgedruckt werden. Die Erl\u00e4uterungen sollen in zwei Sprachen (Franz\u00f6sisch und Englisch) bereitgestellt werden. Es werden zwei Versionen der Karte in den beiden Sprachen erwartet: eine in Franz\u00f6sisch und eine in Englisch.  <\/p>\n<p>Der bzw. die K\u00fcnstler\/in ist f\u00fcr das Layout des gesamten Dokuments verantwortlich.<\/p>\n<p>Die Arbeit muss bis zum 21. September 2025 in digitaler Form eingereicht werden.<\/p>\n<p>Einige Quellen, die uns inspirieren und veranschaulichen, was wir vorhaben:<\/p>\n<ul>\n<li><a href=\"https:\/\/www.ouest-france.fr\/pays-de-la-loire\/nantes-44000\/nantes-illustratrice-elle-realise-une-carte-de-la-ville-vue-par-son-oeil-de-touriste-cbbac9de-ba46-11ec-afc1-b6d79ba7ef12\">Beispiel 1<\/a><\/li>\n<li><a href=\"https:\/\/ch.pinterest.com\/pin\/488359153356107226\/\">Beispiel 2<\/a><\/li>\n<li><a href=\"https:\/\/www.google.com\/imgres?q=inspiration%20de%20carte%20ville&amp;imgurl=https%3A%2F%2Fassets2.domestika.org%2Fcourse-images%2F000%2F015%2F362%2F15362-big.jpg&amp;imgrefurl=https%3A%2F%2Fwww.domestika.org%2Ffr%2Fcourses%2F1989-creations-de-plans-illustres-revelez-l-essence-de-la-ville%2Ffinal_project_lessons&amp;docid=YqiMmeI_-aj0pM&amp;tbnid=w7mHNH3Jd1tPHM&amp;vet=12ahUKEwjsgomc7ayOAxXz9wIHHVwULNcQM3oECGoQAA..i&amp;w=820&amp;h=583&amp;hcb=2&amp;ved=2ahUKEwjsgomc7ayOAxXz9wIHHVwULNcQM3oECGoQAA\">Beispiel 3<\/a><\/li>\n<\/ul>\n<p>Die Auswahl der Beitr\u00e4ge erfolgt durch eine Jury, die sich aus einem Vertreter der Abteilung Kunst, Wissenschaft und Innovation, einem Partner des GRACE-Projekts Interreg (Pr\u00e4sident), einem Vertreter des Forschungszentrums Spiral der ULi\u00e8ge und einem Vertreter des Tourismusb\u00fcros von L\u00fcttich zusammensetzt.<\/p>\n<p>Neben dem Preis werden auch die bisherigen Referenzen der Bewerber:innen, die Erf\u00fcllung der Erwartungen unseres Projekts sowie die garantierte Verf\u00fcgbarkeit des\/der K\u00fcnstler\/in im Zeitraum der Projektdurchf\u00fchrung ber\u00fccksichtigt.<\/p>\n<p>Die Beitr\u00e4ge sind bis sp\u00e4testens 11. August um 12 Uhr per E-Mail (<em>s.gretry[at]uliege.be<\/em>) einzureichen und sollten entweder einige Arbeitsbeispiele im PDF-Format oder einen Link zur Online-Einsehbarkeit enthalten.<\/p>\n<p>Die Entscheidung wird am 19. August bekannt gegeben.<\/p>\n","protected":false},"excerpt":{"rendered":"<p>Die Abteilung f\u00fcr Kunst, Wissenschaft und Innovation der Universit\u00e4t L\u00fcttich  [&#8230;]<\/p>\n","protected":false},"author":2,"featured_media":6481,"comment_status":"closed","ping_status":"closed","sticky":false,"template":"","format":"standard","meta":{"_acf_changed":false,"footnotes":""},"categories":[104,159],"tags":[160],"class_list":["post-6676","post","type-post","status-publish","format-standard","has-post-thumbnail","hentry","category-belgien","category-kulturerbe","tag-kulturerbe"],"acf":[],"yoast_head":"<!-- This site is optimized with the Yoast SEO Premium plugin v24.7 (Yoast SEO v27.3) - https:\/\/yoast.com\/product\/yoast-seo-premium-wordpress\/ -->\n<title>Ausschreibung: gezeichnete Karte der Stadt L\u00fcttich - Projet GRACE<\/title>\n<meta name=\"description\" content=\"Die Universit\u00e4t L\u00fcttich startet eine Ausschreibung zur Erstellung einer gezeichneten Karte der Stadt L\u00fcttich.\" \/>\n<meta name=\"robots\" content=\"index, follow, max-snippet:-1, max-image-preview:large, max-video-preview:-1\" \/>\n<link rel=\"canonical\" href=\"https:\/\/interreg-grace.eu\/de\/ausschreibung-gezeichnete-karte-der-stadt-luettich\/\" \/>\n<meta property=\"og:locale\" content=\"de_DE\" \/>\n<meta property=\"og:type\" content=\"article\" \/>\n<meta property=\"og:title\" content=\"Ausschreibung: gezeichnete Karte der Stadt L\u00fcttich\" \/>\n<meta property=\"og:description\" content=\"Die Universit\u00e4t L\u00fcttich startet eine Ausschreibung zur Erstellung einer gezeichneten Karte der Stadt L\u00fcttich.\" \/>\n<meta property=\"og:url\" content=\"https:\/\/interreg-grace.eu\/de\/ausschreibung-gezeichnete-karte-der-stadt-luettich\/\" \/>\n<meta property=\"og:site_name\" content=\"Projet GRACE\" \/>\n<meta property=\"article:published_time\" content=\"2025-07-18T07:08:27+00:00\" \/>\n<meta property=\"og:image\" content=\"https:\/\/interreg-grace.eu\/wp-content\/uploads\/2025\/07\/map-4152197_1280.jpg\" \/>\n\t<meta property=\"og:image:width\" content=\"1280\" \/>\n\t<meta property=\"og:image:height\" content=\"850\" \/>\n\t<meta property=\"og:image:type\" content=\"image\/jpeg\" \/>\n<meta name=\"author\" content=\"Ville de Verviers\" \/>\n<meta name=\"twitter:card\" content=\"summary_large_image\" \/>\n<meta name=\"twitter:label1\" content=\"Verfasst von\" \/>\n\t<meta name=\"twitter:data1\" content=\"Ville de Verviers\" \/>\n\t<meta name=\"twitter:label2\" content=\"Gesch\u00e4tzte Lesezeit\" \/>\n\t<meta name=\"twitter:data2\" content=\"2\u00a0Minuten\" \/>\n<script type=\"application\/ld+json\" class=\"yoast-schema-graph\">{\"@context\":\"https:\\\/\\\/schema.org\",\"@graph\":[{\"@type\":\"Article\",\"@id\":\"https:\\\/\\\/interreg-grace.eu\\\/de\\\/ausschreibung-gezeichnete-karte-der-stadt-luettich\\\/#article\",\"isPartOf\":{\"@id\":\"https:\\\/\\\/interreg-grace.eu\\\/de\\\/ausschreibung-gezeichnete-karte-der-stadt-luettich\\\/\"},\"author\":{\"name\":\"Ville de Verviers\",\"@id\":\"https:\\\/\\\/interreg-grace.eu\\\/de\\\/#\\\/schema\\\/person\\\/9808534836629993be91207896bb39dd\"},\"headline\":\"Ausschreibung: gezeichnete Karte der Stadt L\u00fcttich\",\"datePublished\":\"2025-07-18T07:08:27+00:00\",\"mainEntityOfPage\":{\"@id\":\"https:\\\/\\\/interreg-grace.eu\\\/de\\\/ausschreibung-gezeichnete-karte-der-stadt-luettich\\\/\"},\"wordCount\":463,\"publisher\":{\"@id\":\"https:\\\/\\\/interreg-grace.eu\\\/de\\\/#organization\"},\"image\":{\"@id\":\"https:\\\/\\\/interreg-grace.eu\\\/de\\\/ausschreibung-gezeichnete-karte-der-stadt-luettich\\\/#primaryimage\"},\"thumbnailUrl\":\"https:\\\/\\\/interreg-grace.eu\\\/wp-content\\\/uploads\\\/2025\\\/07\\\/map-4152197_1280.jpg\",\"keywords\":[\"Kulturerbe\"],\"articleSection\":[\"Belgien\",\"Kulturerbe\"],\"inLanguage\":\"de\"},{\"@type\":\"WebPage\",\"@id\":\"https:\\\/\\\/interreg-grace.eu\\\/de\\\/ausschreibung-gezeichnete-karte-der-stadt-luettich\\\/\",\"url\":\"https:\\\/\\\/interreg-grace.eu\\\/de\\\/ausschreibung-gezeichnete-karte-der-stadt-luettich\\\/\",\"name\":\"Ausschreibung: gezeichnete Karte der Stadt L\u00fcttich - Projet GRACE\",\"isPartOf\":{\"@id\":\"https:\\\/\\\/interreg-grace.eu\\\/de\\\/#website\"},\"primaryImageOfPage\":{\"@id\":\"https:\\\/\\\/interreg-grace.eu\\\/de\\\/ausschreibung-gezeichnete-karte-der-stadt-luettich\\\/#primaryimage\"},\"image\":{\"@id\":\"https:\\\/\\\/interreg-grace.eu\\\/de\\\/ausschreibung-gezeichnete-karte-der-stadt-luettich\\\/#primaryimage\"},\"thumbnailUrl\":\"https:\\\/\\\/interreg-grace.eu\\\/wp-content\\\/uploads\\\/2025\\\/07\\\/map-4152197_1280.jpg\",\"datePublished\":\"2025-07-18T07:08:27+00:00\",\"description\":\"Die Universit\u00e4t L\u00fcttich startet eine Ausschreibung zur Erstellung einer gezeichneten Karte der Stadt L\u00fcttich.\",\"breadcrumb\":{\"@id\":\"https:\\\/\\\/interreg-grace.eu\\\/de\\\/ausschreibung-gezeichnete-karte-der-stadt-luettich\\\/#breadcrumb\"},\"inLanguage\":\"de\",\"potentialAction\":[{\"@type\":\"ReadAction\",\"target\":[\"https:\\\/\\\/interreg-grace.eu\\\/de\\\/ausschreibung-gezeichnete-karte-der-stadt-luettich\\\/\"]}]},{\"@type\":\"ImageObject\",\"inLanguage\":\"de\",\"@id\":\"https:\\\/\\\/interreg-grace.eu\\\/de\\\/ausschreibung-gezeichnete-karte-der-stadt-luettich\\\/#primaryimage\",\"url\":\"https:\\\/\\\/interreg-grace.eu\\\/wp-content\\\/uploads\\\/2025\\\/07\\\/map-4152197_1280.jpg\",\"contentUrl\":\"https:\\\/\\\/interreg-grace.eu\\\/wp-content\\\/uploads\\\/2025\\\/07\\\/map-4152197_1280.jpg\",\"width\":1280,\"height\":850,\"caption\":\"\u00a9Gr\u00e9gory Roose\"},{\"@type\":\"BreadcrumbList\",\"@id\":\"https:\\\/\\\/interreg-grace.eu\\\/de\\\/ausschreibung-gezeichnete-karte-der-stadt-luettich\\\/#breadcrumb\",\"itemListElement\":[{\"@type\":\"ListItem\",\"position\":1,\"name\":\"Accueil\",\"item\":\"https:\\\/\\\/interreg-grace.eu\\\/de\\\/\"},{\"@type\":\"ListItem\",\"position\":2,\"name\":\"Ausschreibung: gezeichnete Karte der Stadt L\u00fcttich\"}]},{\"@type\":\"WebSite\",\"@id\":\"https:\\\/\\\/interreg-grace.eu\\\/de\\\/#website\",\"url\":\"https:\\\/\\\/interreg-grace.eu\\\/de\\\/\",\"name\":\"Projet GRACE\",\"description\":\"Greater Region Artistic and Cultural Education\",\"publisher\":{\"@id\":\"https:\\\/\\\/interreg-grace.eu\\\/de\\\/#organization\"},\"potentialAction\":[{\"@type\":\"SearchAction\",\"target\":{\"@type\":\"EntryPoint\",\"urlTemplate\":\"https:\\\/\\\/interreg-grace.eu\\\/de\\\/?s={search_term_string}\"},\"query-input\":{\"@type\":\"PropertyValueSpecification\",\"valueRequired\":true,\"valueName\":\"search_term_string\"}}],\"inLanguage\":\"de\"},{\"@type\":\"Organization\",\"@id\":\"https:\\\/\\\/interreg-grace.eu\\\/de\\\/#organization\",\"name\":\"Interreg Grace\",\"alternateName\":\"Greater Region Artistic and Cultural Education\",\"url\":\"https:\\\/\\\/interreg-grace.eu\\\/de\\\/\",\"logo\":{\"@type\":\"ImageObject\",\"inLanguage\":\"de\",\"@id\":\"https:\\\/\\\/interreg-grace.eu\\\/de\\\/#\\\/schema\\\/logo\\\/image\\\/\",\"url\":\"https:\\\/\\\/interreg-grace.eu\\\/wp-content\\\/uploads\\\/2024\\\/08\\\/cropped-favicon-grace.webp\",\"contentUrl\":\"https:\\\/\\\/interreg-grace.eu\\\/wp-content\\\/uploads\\\/2024\\\/08\\\/cropped-favicon-grace.webp\",\"width\":512,\"height\":512,\"caption\":\"Interreg Grace\"},\"image\":{\"@id\":\"https:\\\/\\\/interreg-grace.eu\\\/de\\\/#\\\/schema\\\/logo\\\/image\\\/\"},\"sameAs\":[\"https:\\\/\\\/www.linkedin.com\\\/company\\\/interreg-grace\\\/\"]},{\"@type\":\"Person\",\"@id\":\"https:\\\/\\\/interreg-grace.eu\\\/de\\\/#\\\/schema\\\/person\\\/9808534836629993be91207896bb39dd\",\"name\":\"Ville de Verviers\",\"image\":{\"@type\":\"ImageObject\",\"inLanguage\":\"de\",\"@id\":\"https:\\\/\\\/secure.gravatar.com\\\/avatar\\\/6e24b70a759bb09a2aac1c0193edfabcde75a07419cd373c06535d96997fead5?s=96&d=mm&r=g\",\"url\":\"https:\\\/\\\/secure.gravatar.com\\\/avatar\\\/6e24b70a759bb09a2aac1c0193edfabcde75a07419cd373c06535d96997fead5?s=96&d=mm&r=g\",\"contentUrl\":\"https:\\\/\\\/secure.gravatar.com\\\/avatar\\\/6e24b70a759bb09a2aac1c0193edfabcde75a07419cd373c06535d96997fead5?s=96&d=mm&r=g\",\"caption\":\"Ville de Verviers\"}}]}<\/script>\n<!-- \/ Yoast SEO Premium plugin. -->","yoast_head_json":{"title":"Ausschreibung: gezeichnete Karte der Stadt L\u00fcttich - Projet GRACE","description":"Die Universit\u00e4t L\u00fcttich startet eine Ausschreibung zur Erstellung einer gezeichneten Karte der Stadt L\u00fcttich.","robots":{"index":"index","follow":"follow","max-snippet":"max-snippet:-1","max-image-preview":"max-image-preview:large","max-video-preview":"max-video-preview:-1"},"canonical":"https:\/\/interreg-grace.eu\/de\/ausschreibung-gezeichnete-karte-der-stadt-luettich\/","og_locale":"de_DE","og_type":"article","og_title":"Ausschreibung: gezeichnete Karte der Stadt L\u00fcttich","og_description":"Die Universit\u00e4t L\u00fcttich startet eine Ausschreibung zur Erstellung einer gezeichneten Karte der Stadt L\u00fcttich.","og_url":"https:\/\/interreg-grace.eu\/de\/ausschreibung-gezeichnete-karte-der-stadt-luettich\/","og_site_name":"Projet GRACE","article_published_time":"2025-07-18T07:08:27+00:00","og_image":[{"width":1280,"height":850,"url":"https:\/\/interreg-grace.eu\/wp-content\/uploads\/2025\/07\/map-4152197_1280.jpg","type":"image\/jpeg"}],"author":"Ville de Verviers","twitter_card":"summary_large_image","twitter_misc":{"Verfasst von":"Ville de Verviers","Gesch\u00e4tzte Lesezeit":"2\u00a0Minuten"},"schema":{"@context":"https:\/\/schema.org","@graph":[{"@type":"Article","@id":"https:\/\/interreg-grace.eu\/de\/ausschreibung-gezeichnete-karte-der-stadt-luettich\/#article","isPartOf":{"@id":"https:\/\/interreg-grace.eu\/de\/ausschreibung-gezeichnete-karte-der-stadt-luettich\/"},"author":{"name":"Ville de Verviers","@id":"https:\/\/interreg-grace.eu\/de\/#\/schema\/person\/9808534836629993be91207896bb39dd"},"headline":"Ausschreibung: gezeichnete Karte der Stadt L\u00fcttich","datePublished":"2025-07-18T07:08:27+00:00","mainEntityOfPage":{"@id":"https:\/\/interreg-grace.eu\/de\/ausschreibung-gezeichnete-karte-der-stadt-luettich\/"},"wordCount":463,"publisher":{"@id":"https:\/\/interreg-grace.eu\/de\/#organization"},"image":{"@id":"https:\/\/interreg-grace.eu\/de\/ausschreibung-gezeichnete-karte-der-stadt-luettich\/#primaryimage"},"thumbnailUrl":"https:\/\/interreg-grace.eu\/wp-content\/uploads\/2025\/07\/map-4152197_1280.jpg","keywords":["Kulturerbe"],"articleSection":["Belgien","Kulturerbe"],"inLanguage":"de"},{"@type":"WebPage","@id":"https:\/\/interreg-grace.eu\/de\/ausschreibung-gezeichnete-karte-der-stadt-luettich\/","url":"https:\/\/interreg-grace.eu\/de\/ausschreibung-gezeichnete-karte-der-stadt-luettich\/","name":"Ausschreibung: gezeichnete Karte der Stadt L\u00fcttich - Projet GRACE","isPartOf":{"@id":"https:\/\/interreg-grace.eu\/de\/#website"},"primaryImageOfPage":{"@id":"https:\/\/interreg-grace.eu\/de\/ausschreibung-gezeichnete-karte-der-stadt-luettich\/#primaryimage"},"image":{"@id":"https:\/\/interreg-grace.eu\/de\/ausschreibung-gezeichnete-karte-der-stadt-luettich\/#primaryimage"},"thumbnailUrl":"https:\/\/interreg-grace.eu\/wp-content\/uploads\/2025\/07\/map-4152197_1280.jpg","datePublished":"2025-07-18T07:08:27+00:00","description":"Die Universit\u00e4t L\u00fcttich startet eine Ausschreibung zur Erstellung einer gezeichneten Karte der Stadt L\u00fcttich.","breadcrumb":{"@id":"https:\/\/interreg-grace.eu\/de\/ausschreibung-gezeichnete-karte-der-stadt-luettich\/#breadcrumb"},"inLanguage":"de","potentialAction":[{"@type":"ReadAction","target":["https:\/\/interreg-grace.eu\/de\/ausschreibung-gezeichnete-karte-der-stadt-luettich\/"]}]},{"@type":"ImageObject","inLanguage":"de","@id":"https:\/\/interreg-grace.eu\/de\/ausschreibung-gezeichnete-karte-der-stadt-luettich\/#primaryimage","url":"https:\/\/interreg-grace.eu\/wp-content\/uploads\/2025\/07\/map-4152197_1280.jpg","contentUrl":"https:\/\/interreg-grace.eu\/wp-content\/uploads\/2025\/07\/map-4152197_1280.jpg","width":1280,"height":850,"caption":"\u00a9Gr\u00e9gory Roose"},{"@type":"BreadcrumbList","@id":"https:\/\/interreg-grace.eu\/de\/ausschreibung-gezeichnete-karte-der-stadt-luettich\/#breadcrumb","itemListElement":[{"@type":"ListItem","position":1,"name":"Accueil","item":"https:\/\/interreg-grace.eu\/de\/"},{"@type":"ListItem","position":2,"name":"Ausschreibung: gezeichnete Karte der Stadt L\u00fcttich"}]},{"@type":"WebSite","@id":"https:\/\/interreg-grace.eu\/de\/#website","url":"https:\/\/interreg-grace.eu\/de\/","name":"Projet GRACE","description":"Greater Region Artistic and Cultural Education","publisher":{"@id":"https:\/\/interreg-grace.eu\/de\/#organization"},"potentialAction":[{"@type":"SearchAction","target":{"@type":"EntryPoint","urlTemplate":"https:\/\/interreg-grace.eu\/de\/?s={search_term_string}"},"query-input":{"@type":"PropertyValueSpecification","valueRequired":true,"valueName":"search_term_string"}}],"inLanguage":"de"},{"@type":"Organization","@id":"https:\/\/interreg-grace.eu\/de\/#organization","name":"Interreg Grace","alternateName":"Greater Region Artistic and Cultural Education","url":"https:\/\/interreg-grace.eu\/de\/","logo":{"@type":"ImageObject","inLanguage":"de","@id":"https:\/\/interreg-grace.eu\/de\/#\/schema\/logo\/image\/","url":"https:\/\/interreg-grace.eu\/wp-content\/uploads\/2024\/08\/cropped-favicon-grace.webp","contentUrl":"https:\/\/interreg-grace.eu\/wp-content\/uploads\/2024\/08\/cropped-favicon-grace.webp","width":512,"height":512,"caption":"Interreg Grace"},"image":{"@id":"https:\/\/interreg-grace.eu\/de\/#\/schema\/logo\/image\/"},"sameAs":["https:\/\/www.linkedin.com\/company\/interreg-grace\/"]},{"@type":"Person","@id":"https:\/\/interreg-grace.eu\/de\/#\/schema\/person\/9808534836629993be91207896bb39dd","name":"Ville de Verviers","image":{"@type":"ImageObject","inLanguage":"de","@id":"https:\/\/secure.gravatar.com\/avatar\/6e24b70a759bb09a2aac1c0193edfabcde75a07419cd373c06535d96997fead5?s=96&d=mm&r=g","url":"https:\/\/secure.gravatar.com\/avatar\/6e24b70a759bb09a2aac1c0193edfabcde75a07419cd373c06535d96997fead5?s=96&d=mm&r=g","contentUrl":"https:\/\/secure.gravatar.com\/avatar\/6e24b70a759bb09a2aac1c0193edfabcde75a07419cd373c06535d96997fead5?s=96&d=mm&r=g","caption":"Ville de Verviers"}}]}},"_links":{"self":[{"href":"https:\/\/interreg-grace.eu\/de\/wp-json\/wp\/v2\/posts\/6676","targetHints":{"allow":["GET"]}}],"collection":[{"href":"https:\/\/interreg-grace.eu\/de\/wp-json\/wp\/v2\/posts"}],"about":[{"href":"https:\/\/interreg-grace.eu\/de\/wp-json\/wp\/v2\/types\/post"}],"author":[{"embeddable":true,"href":"https:\/\/interreg-grace.eu\/de\/wp-json\/wp\/v2\/users\/2"}],"replies":[{"embeddable":true,"href":"https:\/\/interreg-grace.eu\/de\/wp-json\/wp\/v2\/comments?post=6676"}],"version-history":[{"count":0,"href":"https:\/\/interreg-grace.eu\/de\/wp-json\/wp\/v2\/posts\/6676\/revisions"}],"wp:featuredmedia":[{"embeddable":true,"href":"https:\/\/interreg-grace.eu\/de\/wp-json\/wp\/v2\/media\/6481"}],"wp:attachment":[{"href":"https:\/\/interreg-grace.eu\/de\/wp-json\/wp\/v2\/media?parent=6676"}],"wp:term":[{"taxonomy":"category","embeddable":true,"href":"https:\/\/interreg-grace.eu\/de\/wp-json\/wp\/v2\/categories?post=6676"},{"taxonomy":"post_tag","embeddable":true,"href":"https:\/\/interreg-grace.eu\/de\/wp-json\/wp\/v2\/tags?post=6676"}],"curies":[{"name":"wp","href":"https:\/\/api.w.org\/{rel}","templated":true}]}}