{"id":6288,"date":"2025-04-09T09:37:20","date_gmt":"2025-04-09T07:37:20","guid":{"rendered":"https:\/\/interreg-grace.eu\/projektaufruf-der-stadt-metz-interreg-grace-theaterprojekt-mit-senioren-zur-bekaempfung-von-altersdiskriminierung\/"},"modified":"2025-04-09T09:37:20","modified_gmt":"2025-04-09T07:37:20","slug":"projektaufruf-der-stadt-metz-interreg-grace-theaterprojekt-mit-senioren-zur-bekaempfung-von-altersdiskriminierung","status":"publish","type":"post","link":"https:\/\/interreg-grace.eu\/de\/projektaufruf-der-stadt-metz-interreg-grace-theaterprojekt-mit-senioren-zur-bekaempfung-von-altersdiskriminierung\/","title":{"rendered":"Projektaufruf der Stadt Metz \/ Interreg GRACE: Theaterprojekt mit Senioren zur Bek\u00e4mpfung von Altersdiskriminierung"},"content":{"rendered":"<p><strong>Die Stadt Metz ruft zur Einreichung eines Projekts f\u00fcr ein partizipatives Theaterst\u00fcck auf, das sich mit den Vorurteilen im Zusammenhang mit dem Altern befasst. Das Theaterst\u00fcck soll mit einem Panel von Senioren, die in Metz wohnen, zwischen Fr\u00fchjahr 2025 und Herbst 2026 realisiert werden und w\u00e4hrend der Blauen Woche aufgef\u00fchrt werden. <\/strong><\/p>\n<p>Im Rahmen des Aktionsplans Seniorenfreundliche Stadt und des Interreg-Projekts GRACE, das sich der k\u00fcnstlerischen Bildung der Einwohner der Gro\u00dfregion widmet, initiieren der P\u00f4le Culture und das CCAS von Metz ein partizipatives Theaterprojekt, das sich mit den Vorurteilen im Zusammenhang mit dem Altern befasst. Das Projekt wird von einem K\u00fcnstler oder einem K\u00fcnstlerkollektiv mit einer Gruppe von Senioren aus Metz durchgef\u00fchrt und besteht aus mehreren Etappen: Austausch von Anekdoten, Aufbau und Verfassen von Sketchen, Teilnahme an der Kreation und Inszenierung einer Auff\u00fchrung, die gemeinsam mit professionellen Schriftstellern und Theaterleuten erarbeitet und vorbereitet wird. <\/p>\n<p>Es geht darum, konkrete Situationen von Ageism zu thematisieren, aber auch solche, die von den Senioren selbst in Bezug auf ihre eigene Wahrnehmung des Alterns beobachtet werden. Auf Wunsch der Senioren muss die Kreation in einem humorvollen Ton erfolgen, um die erlebten Situationen zu entdramatisieren (als stigmatisierend empfundene Darstellungen, das Gef\u00fchl, f\u00fcr andere \u201eein \u00c4rgernis\u201c zu sein, das Gef\u00fchl, nicht mit den gesellschaftlichen und technologischen Entwicklungen Schritt zu halten, &#8230;), und um den Blick aller auf das Altern zu \u00e4ndern, indem seine positiven Aspekte (Erfahrungen, Kompetenzen, Weisheit, Hilfeleistung, Unterst\u00fctzung der Familie, Weitergabe &#8230;) aufgewertet werden. <\/p>\n<p>Die vorliegende Projektausschreibung zielt darauf ab, einen K\u00fcnstler oder ein K\u00fcnstlerkollektiv zu identifizieren, der\/die die Etappen dieses Projekts zwischen Fr\u00fchjahr 2025 und Herbst 2026 im Gebiet von Metz mit Senioren aus Metz durchf\u00fchrt, mit zwei R\u00fcckgaben: eine Zwischenr\u00fcckgabe w\u00e4hrend der Blauen Woche im Oktober 2025 und eine Endr\u00fcckgabe w\u00e4hrend der Blauen Woche im Oktober 2026.<\/p>\n<p>Interessierte K\u00fcnstler werden daher gebeten, <u>ihre Kostenvoranschl\u00e4ge und Vorschl\u00e4ge<\/u> <u>bis zum 15. Mai 2025<\/u> per E-Mail an <a href=\"mailto:interreggrace@gmail.com\">interreggrace@gmail.com<\/a> zu senden und sich dabei auf die beigef\u00fcgten Konsultationsregeln zu st\u00fctzen.<\/p>\n<p>F\u00fcr weitere Informationen k\u00f6nnen Sie eine E-Mail an den Kulturabteilung von Stadt Metz : <a href=\"mailto:interreggrace@gmail.com\">interreggrace@gmail.com<\/a>.<\/p>\n<p><strong><a href=\"https:\/\/interreg-grace.eu\/wp-content\/uploads\/2025\/04\/AAP-theatre_rire_seniors_Ville_Metz_avril2025.pdf\" target=\"_blank\" rel=\"noopener\">Konsultationsordnung<\/a><\/strong><\/p>\n","protected":false},"excerpt":{"rendered":"<p>Die Stadt Metz ruft zur Einreichung eines Projekts f\u00fcr ein  [&#8230;]<\/p>\n","protected":false},"author":3,"featured_media":6010,"comment_status":"open","ping_status":"open","sticky":false,"template":"","format":"standard","meta":{"_acf_changed":false,"footnotes":""},"categories":[108,103],"tags":[101],"class_list":["post-6288","post","type-post","status-publish","format-standard","has-post-thumbnail","hentry","category-darstellende-kunst","category-frankreich","tag-darstellende-kunst"],"acf":[],"yoast_head":"<!-- This site is optimized with the Yoast SEO Premium plugin v24.7 (Yoast SEO v27.3) - https:\/\/yoast.com\/product\/yoast-seo-premium-wordpress\/ -->\n<title>Projektaufruf der Stadt Metz \/ Interreg GRACE: Theaterprojekt mit Senioren zur Bek\u00e4mpfung von Altersdiskriminierung - Projet GRACE<\/title>\n<meta name=\"robots\" content=\"index, follow, max-snippet:-1, max-image-preview:large, max-video-preview:-1\" \/>\n<link rel=\"canonical\" href=\"https:\/\/interreg-grace.eu\/de\/projektaufruf-der-stadt-metz-interreg-grace-theaterprojekt-mit-senioren-zur-bekaempfung-von-altersdiskriminierung\/\" \/>\n<meta property=\"og:locale\" content=\"de_DE\" \/>\n<meta property=\"og:type\" content=\"article\" \/>\n<meta property=\"og:title\" content=\"Projektaufruf der Stadt Metz \/ Interreg GRACE: Theaterprojekt mit Senioren zur Bek\u00e4mpfung von Altersdiskriminierung\" \/>\n<meta property=\"og:description\" content=\"Die Stadt Metz ruft zur Einreichung eines Projekts f\u00fcr ein [...]\" \/>\n<meta property=\"og:url\" content=\"https:\/\/interreg-grace.eu\/de\/projektaufruf-der-stadt-metz-interreg-grace-theaterprojekt-mit-senioren-zur-bekaempfung-von-altersdiskriminierung\/\" \/>\n<meta property=\"og:site_name\" content=\"Projet GRACE\" \/>\n<meta property=\"article:published_time\" content=\"2025-04-09T07:37:20+00:00\" \/>\n<meta property=\"og:image\" content=\"https:\/\/interreg-grace.eu\/wp-content\/uploads\/2025\/04\/8115_concert_arsenal_seniors_31.show_.jpg\" \/>\n\t<meta property=\"og:image:width\" content=\"942\" \/>\n\t<meta property=\"og:image:height\" content=\"628\" \/>\n\t<meta property=\"og:image:type\" content=\"image\/jpeg\" \/>\n<meta name=\"author\" content=\"Ville de Metz\" \/>\n<meta name=\"twitter:card\" content=\"summary_large_image\" \/>\n<meta name=\"twitter:label1\" content=\"Verfasst von\" \/>\n\t<meta name=\"twitter:data1\" content=\"Ville de Metz\" \/>\n\t<meta name=\"twitter:label2\" content=\"Gesch\u00e4tzte Lesezeit\" \/>\n\t<meta name=\"twitter:data2\" content=\"2\u00a0Minuten\" \/>\n<script type=\"application\/ld+json\" class=\"yoast-schema-graph\">{\"@context\":\"https:\\\/\\\/schema.org\",\"@graph\":[{\"@type\":\"Article\",\"@id\":\"https:\\\/\\\/interreg-grace.eu\\\/de\\\/projektaufruf-der-stadt-metz-interreg-grace-theaterprojekt-mit-senioren-zur-bekaempfung-von-altersdiskriminierung\\\/#article\",\"isPartOf\":{\"@id\":\"https:\\\/\\\/interreg-grace.eu\\\/de\\\/projektaufruf-der-stadt-metz-interreg-grace-theaterprojekt-mit-senioren-zur-bekaempfung-von-altersdiskriminierung\\\/\"},\"author\":{\"name\":\"Ville de Metz\",\"@id\":\"https:\\\/\\\/interreg-grace.eu\\\/de\\\/#\\\/schema\\\/person\\\/ccc2374cd4aafa848b195af2f58da273\"},\"headline\":\"Projektaufruf der Stadt Metz \\\/ Interreg GRACE: Theaterprojekt mit Senioren zur Bek\u00e4mpfung von Altersdiskriminierung\",\"datePublished\":\"2025-04-09T07:37:20+00:00\",\"mainEntityOfPage\":{\"@id\":\"https:\\\/\\\/interreg-grace.eu\\\/de\\\/projektaufruf-der-stadt-metz-interreg-grace-theaterprojekt-mit-senioren-zur-bekaempfung-von-altersdiskriminierung\\\/\"},\"wordCount\":379,\"commentCount\":0,\"publisher\":{\"@id\":\"https:\\\/\\\/interreg-grace.eu\\\/de\\\/#organization\"},\"image\":{\"@id\":\"https:\\\/\\\/interreg-grace.eu\\\/de\\\/projektaufruf-der-stadt-metz-interreg-grace-theaterprojekt-mit-senioren-zur-bekaempfung-von-altersdiskriminierung\\\/#primaryimage\"},\"thumbnailUrl\":\"https:\\\/\\\/interreg-grace.eu\\\/wp-content\\\/uploads\\\/2025\\\/04\\\/8115_concert_arsenal_seniors_31.show_.jpg\",\"keywords\":[\"Darstellende Kunst\"],\"articleSection\":[\"Darstellende Kunst\",\"Frankreich\"],\"inLanguage\":\"de\",\"potentialAction\":[{\"@type\":\"CommentAction\",\"name\":\"Comment\",\"target\":[\"https:\\\/\\\/interreg-grace.eu\\\/de\\\/projektaufruf-der-stadt-metz-interreg-grace-theaterprojekt-mit-senioren-zur-bekaempfung-von-altersdiskriminierung\\\/#respond\"]}]},{\"@type\":\"WebPage\",\"@id\":\"https:\\\/\\\/interreg-grace.eu\\\/de\\\/projektaufruf-der-stadt-metz-interreg-grace-theaterprojekt-mit-senioren-zur-bekaempfung-von-altersdiskriminierung\\\/\",\"url\":\"https:\\\/\\\/interreg-grace.eu\\\/de\\\/projektaufruf-der-stadt-metz-interreg-grace-theaterprojekt-mit-senioren-zur-bekaempfung-von-altersdiskriminierung\\\/\",\"name\":\"Projektaufruf der Stadt Metz \\\/ Interreg GRACE: Theaterprojekt mit Senioren zur Bek\u00e4mpfung von Altersdiskriminierung - Projet GRACE\",\"isPartOf\":{\"@id\":\"https:\\\/\\\/interreg-grace.eu\\\/de\\\/#website\"},\"primaryImageOfPage\":{\"@id\":\"https:\\\/\\\/interreg-grace.eu\\\/de\\\/projektaufruf-der-stadt-metz-interreg-grace-theaterprojekt-mit-senioren-zur-bekaempfung-von-altersdiskriminierung\\\/#primaryimage\"},\"image\":{\"@id\":\"https:\\\/\\\/interreg-grace.eu\\\/de\\\/projektaufruf-der-stadt-metz-interreg-grace-theaterprojekt-mit-senioren-zur-bekaempfung-von-altersdiskriminierung\\\/#primaryimage\"},\"thumbnailUrl\":\"https:\\\/\\\/interreg-grace.eu\\\/wp-content\\\/uploads\\\/2025\\\/04\\\/8115_concert_arsenal_seniors_31.show_.jpg\",\"datePublished\":\"2025-04-09T07:37:20+00:00\",\"breadcrumb\":{\"@id\":\"https:\\\/\\\/interreg-grace.eu\\\/de\\\/projektaufruf-der-stadt-metz-interreg-grace-theaterprojekt-mit-senioren-zur-bekaempfung-von-altersdiskriminierung\\\/#breadcrumb\"},\"inLanguage\":\"de\",\"potentialAction\":[{\"@type\":\"ReadAction\",\"target\":[\"https:\\\/\\\/interreg-grace.eu\\\/de\\\/projektaufruf-der-stadt-metz-interreg-grace-theaterprojekt-mit-senioren-zur-bekaempfung-von-altersdiskriminierung\\\/\"]}]},{\"@type\":\"ImageObject\",\"inLanguage\":\"de\",\"@id\":\"https:\\\/\\\/interreg-grace.eu\\\/de\\\/projektaufruf-der-stadt-metz-interreg-grace-theaterprojekt-mit-senioren-zur-bekaempfung-von-altersdiskriminierung\\\/#primaryimage\",\"url\":\"https:\\\/\\\/interreg-grace.eu\\\/wp-content\\\/uploads\\\/2025\\\/04\\\/8115_concert_arsenal_seniors_31.show_.jpg\",\"contentUrl\":\"https:\\\/\\\/interreg-grace.eu\\\/wp-content\\\/uploads\\\/2025\\\/04\\\/8115_concert_arsenal_seniors_31.show_.jpg\",\"width\":942,\"height\":628},{\"@type\":\"BreadcrumbList\",\"@id\":\"https:\\\/\\\/interreg-grace.eu\\\/de\\\/projektaufruf-der-stadt-metz-interreg-grace-theaterprojekt-mit-senioren-zur-bekaempfung-von-altersdiskriminierung\\\/#breadcrumb\",\"itemListElement\":[{\"@type\":\"ListItem\",\"position\":1,\"name\":\"Accueil\",\"item\":\"https:\\\/\\\/interreg-grace.eu\\\/de\\\/\"},{\"@type\":\"ListItem\",\"position\":2,\"name\":\"Projektaufruf der Stadt Metz \\\/ Interreg GRACE: Theaterprojekt mit Senioren zur Bek\u00e4mpfung von Altersdiskriminierung\"}]},{\"@type\":\"WebSite\",\"@id\":\"https:\\\/\\\/interreg-grace.eu\\\/de\\\/#website\",\"url\":\"https:\\\/\\\/interreg-grace.eu\\\/de\\\/\",\"name\":\"Projet GRACE\",\"description\":\"Greater Region Artistic and Cultural Education\",\"publisher\":{\"@id\":\"https:\\\/\\\/interreg-grace.eu\\\/de\\\/#organization\"},\"potentialAction\":[{\"@type\":\"SearchAction\",\"target\":{\"@type\":\"EntryPoint\",\"urlTemplate\":\"https:\\\/\\\/interreg-grace.eu\\\/de\\\/?s={search_term_string}\"},\"query-input\":{\"@type\":\"PropertyValueSpecification\",\"valueRequired\":true,\"valueName\":\"search_term_string\"}}],\"inLanguage\":\"de\"},{\"@type\":\"Organization\",\"@id\":\"https:\\\/\\\/interreg-grace.eu\\\/de\\\/#organization\",\"name\":\"Interreg Grace\",\"alternateName\":\"Greater Region Artistic and Cultural Education\",\"url\":\"https:\\\/\\\/interreg-grace.eu\\\/de\\\/\",\"logo\":{\"@type\":\"ImageObject\",\"inLanguage\":\"de\",\"@id\":\"https:\\\/\\\/interreg-grace.eu\\\/de\\\/#\\\/schema\\\/logo\\\/image\\\/\",\"url\":\"https:\\\/\\\/interreg-grace.eu\\\/wp-content\\\/uploads\\\/2024\\\/08\\\/cropped-favicon-grace.webp\",\"contentUrl\":\"https:\\\/\\\/interreg-grace.eu\\\/wp-content\\\/uploads\\\/2024\\\/08\\\/cropped-favicon-grace.webp\",\"width\":512,\"height\":512,\"caption\":\"Interreg Grace\"},\"image\":{\"@id\":\"https:\\\/\\\/interreg-grace.eu\\\/de\\\/#\\\/schema\\\/logo\\\/image\\\/\"},\"sameAs\":[\"https:\\\/\\\/www.linkedin.com\\\/company\\\/interreg-grace\\\/\"]},{\"@type\":\"Person\",\"@id\":\"https:\\\/\\\/interreg-grace.eu\\\/de\\\/#\\\/schema\\\/person\\\/ccc2374cd4aafa848b195af2f58da273\",\"name\":\"Ville de Metz\",\"image\":{\"@type\":\"ImageObject\",\"inLanguage\":\"de\",\"@id\":\"https:\\\/\\\/secure.gravatar.com\\\/avatar\\\/c73302162b144d30e6007a894a7137797ba0b5d7099a990dd5875641b83c0287?s=96&d=mm&r=g\",\"url\":\"https:\\\/\\\/secure.gravatar.com\\\/avatar\\\/c73302162b144d30e6007a894a7137797ba0b5d7099a990dd5875641b83c0287?s=96&d=mm&r=g\",\"contentUrl\":\"https:\\\/\\\/secure.gravatar.com\\\/avatar\\\/c73302162b144d30e6007a894a7137797ba0b5d7099a990dd5875641b83c0287?s=96&d=mm&r=g\",\"caption\":\"Ville de Metz\"}}]}<\/script>\n<!-- \/ Yoast SEO Premium plugin. -->","yoast_head_json":{"title":"Projektaufruf der Stadt Metz \/ Interreg GRACE: Theaterprojekt mit Senioren zur Bek\u00e4mpfung von Altersdiskriminierung - Projet GRACE","robots":{"index":"index","follow":"follow","max-snippet":"max-snippet:-1","max-image-preview":"max-image-preview:large","max-video-preview":"max-video-preview:-1"},"canonical":"https:\/\/interreg-grace.eu\/de\/projektaufruf-der-stadt-metz-interreg-grace-theaterprojekt-mit-senioren-zur-bekaempfung-von-altersdiskriminierung\/","og_locale":"de_DE","og_type":"article","og_title":"Projektaufruf der Stadt Metz \/ Interreg GRACE: Theaterprojekt mit Senioren zur Bek\u00e4mpfung von Altersdiskriminierung","og_description":"Die Stadt Metz ruft zur Einreichung eines Projekts f\u00fcr ein [...]","og_url":"https:\/\/interreg-grace.eu\/de\/projektaufruf-der-stadt-metz-interreg-grace-theaterprojekt-mit-senioren-zur-bekaempfung-von-altersdiskriminierung\/","og_site_name":"Projet GRACE","article_published_time":"2025-04-09T07:37:20+00:00","og_image":[{"width":942,"height":628,"url":"https:\/\/interreg-grace.eu\/wp-content\/uploads\/2025\/04\/8115_concert_arsenal_seniors_31.show_.jpg","type":"image\/jpeg"}],"author":"Ville de Metz","twitter_card":"summary_large_image","twitter_misc":{"Verfasst von":"Ville de Metz","Gesch\u00e4tzte Lesezeit":"2\u00a0Minuten"},"schema":{"@context":"https:\/\/schema.org","@graph":[{"@type":"Article","@id":"https:\/\/interreg-grace.eu\/de\/projektaufruf-der-stadt-metz-interreg-grace-theaterprojekt-mit-senioren-zur-bekaempfung-von-altersdiskriminierung\/#article","isPartOf":{"@id":"https:\/\/interreg-grace.eu\/de\/projektaufruf-der-stadt-metz-interreg-grace-theaterprojekt-mit-senioren-zur-bekaempfung-von-altersdiskriminierung\/"},"author":{"name":"Ville de Metz","@id":"https:\/\/interreg-grace.eu\/de\/#\/schema\/person\/ccc2374cd4aafa848b195af2f58da273"},"headline":"Projektaufruf der Stadt Metz \/ Interreg GRACE: Theaterprojekt mit Senioren zur Bek\u00e4mpfung von Altersdiskriminierung","datePublished":"2025-04-09T07:37:20+00:00","mainEntityOfPage":{"@id":"https:\/\/interreg-grace.eu\/de\/projektaufruf-der-stadt-metz-interreg-grace-theaterprojekt-mit-senioren-zur-bekaempfung-von-altersdiskriminierung\/"},"wordCount":379,"commentCount":0,"publisher":{"@id":"https:\/\/interreg-grace.eu\/de\/#organization"},"image":{"@id":"https:\/\/interreg-grace.eu\/de\/projektaufruf-der-stadt-metz-interreg-grace-theaterprojekt-mit-senioren-zur-bekaempfung-von-altersdiskriminierung\/#primaryimage"},"thumbnailUrl":"https:\/\/interreg-grace.eu\/wp-content\/uploads\/2025\/04\/8115_concert_arsenal_seniors_31.show_.jpg","keywords":["Darstellende Kunst"],"articleSection":["Darstellende Kunst","Frankreich"],"inLanguage":"de","potentialAction":[{"@type":"CommentAction","name":"Comment","target":["https:\/\/interreg-grace.eu\/de\/projektaufruf-der-stadt-metz-interreg-grace-theaterprojekt-mit-senioren-zur-bekaempfung-von-altersdiskriminierung\/#respond"]}]},{"@type":"WebPage","@id":"https:\/\/interreg-grace.eu\/de\/projektaufruf-der-stadt-metz-interreg-grace-theaterprojekt-mit-senioren-zur-bekaempfung-von-altersdiskriminierung\/","url":"https:\/\/interreg-grace.eu\/de\/projektaufruf-der-stadt-metz-interreg-grace-theaterprojekt-mit-senioren-zur-bekaempfung-von-altersdiskriminierung\/","name":"Projektaufruf der Stadt Metz \/ Interreg GRACE: Theaterprojekt mit Senioren zur Bek\u00e4mpfung von Altersdiskriminierung - Projet GRACE","isPartOf":{"@id":"https:\/\/interreg-grace.eu\/de\/#website"},"primaryImageOfPage":{"@id":"https:\/\/interreg-grace.eu\/de\/projektaufruf-der-stadt-metz-interreg-grace-theaterprojekt-mit-senioren-zur-bekaempfung-von-altersdiskriminierung\/#primaryimage"},"image":{"@id":"https:\/\/interreg-grace.eu\/de\/projektaufruf-der-stadt-metz-interreg-grace-theaterprojekt-mit-senioren-zur-bekaempfung-von-altersdiskriminierung\/#primaryimage"},"thumbnailUrl":"https:\/\/interreg-grace.eu\/wp-content\/uploads\/2025\/04\/8115_concert_arsenal_seniors_31.show_.jpg","datePublished":"2025-04-09T07:37:20+00:00","breadcrumb":{"@id":"https:\/\/interreg-grace.eu\/de\/projektaufruf-der-stadt-metz-interreg-grace-theaterprojekt-mit-senioren-zur-bekaempfung-von-altersdiskriminierung\/#breadcrumb"},"inLanguage":"de","potentialAction":[{"@type":"ReadAction","target":["https:\/\/interreg-grace.eu\/de\/projektaufruf-der-stadt-metz-interreg-grace-theaterprojekt-mit-senioren-zur-bekaempfung-von-altersdiskriminierung\/"]}]},{"@type":"ImageObject","inLanguage":"de","@id":"https:\/\/interreg-grace.eu\/de\/projektaufruf-der-stadt-metz-interreg-grace-theaterprojekt-mit-senioren-zur-bekaempfung-von-altersdiskriminierung\/#primaryimage","url":"https:\/\/interreg-grace.eu\/wp-content\/uploads\/2025\/04\/8115_concert_arsenal_seniors_31.show_.jpg","contentUrl":"https:\/\/interreg-grace.eu\/wp-content\/uploads\/2025\/04\/8115_concert_arsenal_seniors_31.show_.jpg","width":942,"height":628},{"@type":"BreadcrumbList","@id":"https:\/\/interreg-grace.eu\/de\/projektaufruf-der-stadt-metz-interreg-grace-theaterprojekt-mit-senioren-zur-bekaempfung-von-altersdiskriminierung\/#breadcrumb","itemListElement":[{"@type":"ListItem","position":1,"name":"Accueil","item":"https:\/\/interreg-grace.eu\/de\/"},{"@type":"ListItem","position":2,"name":"Projektaufruf der Stadt Metz \/ Interreg GRACE: Theaterprojekt mit Senioren zur Bek\u00e4mpfung von Altersdiskriminierung"}]},{"@type":"WebSite","@id":"https:\/\/interreg-grace.eu\/de\/#website","url":"https:\/\/interreg-grace.eu\/de\/","name":"Projet GRACE","description":"Greater Region Artistic and Cultural Education","publisher":{"@id":"https:\/\/interreg-grace.eu\/de\/#organization"},"potentialAction":[{"@type":"SearchAction","target":{"@type":"EntryPoint","urlTemplate":"https:\/\/interreg-grace.eu\/de\/?s={search_term_string}"},"query-input":{"@type":"PropertyValueSpecification","valueRequired":true,"valueName":"search_term_string"}}],"inLanguage":"de"},{"@type":"Organization","@id":"https:\/\/interreg-grace.eu\/de\/#organization","name":"Interreg Grace","alternateName":"Greater Region Artistic and Cultural Education","url":"https:\/\/interreg-grace.eu\/de\/","logo":{"@type":"ImageObject","inLanguage":"de","@id":"https:\/\/interreg-grace.eu\/de\/#\/schema\/logo\/image\/","url":"https:\/\/interreg-grace.eu\/wp-content\/uploads\/2024\/08\/cropped-favicon-grace.webp","contentUrl":"https:\/\/interreg-grace.eu\/wp-content\/uploads\/2024\/08\/cropped-favicon-grace.webp","width":512,"height":512,"caption":"Interreg Grace"},"image":{"@id":"https:\/\/interreg-grace.eu\/de\/#\/schema\/logo\/image\/"},"sameAs":["https:\/\/www.linkedin.com\/company\/interreg-grace\/"]},{"@type":"Person","@id":"https:\/\/interreg-grace.eu\/de\/#\/schema\/person\/ccc2374cd4aafa848b195af2f58da273","name":"Ville de Metz","image":{"@type":"ImageObject","inLanguage":"de","@id":"https:\/\/secure.gravatar.com\/avatar\/c73302162b144d30e6007a894a7137797ba0b5d7099a990dd5875641b83c0287?s=96&d=mm&r=g","url":"https:\/\/secure.gravatar.com\/avatar\/c73302162b144d30e6007a894a7137797ba0b5d7099a990dd5875641b83c0287?s=96&d=mm&r=g","contentUrl":"https:\/\/secure.gravatar.com\/avatar\/c73302162b144d30e6007a894a7137797ba0b5d7099a990dd5875641b83c0287?s=96&d=mm&r=g","caption":"Ville de Metz"}}]}},"_links":{"self":[{"href":"https:\/\/interreg-grace.eu\/de\/wp-json\/wp\/v2\/posts\/6288","targetHints":{"allow":["GET"]}}],"collection":[{"href":"https:\/\/interreg-grace.eu\/de\/wp-json\/wp\/v2\/posts"}],"about":[{"href":"https:\/\/interreg-grace.eu\/de\/wp-json\/wp\/v2\/types\/post"}],"author":[{"embeddable":true,"href":"https:\/\/interreg-grace.eu\/de\/wp-json\/wp\/v2\/users\/3"}],"replies":[{"embeddable":true,"href":"https:\/\/interreg-grace.eu\/de\/wp-json\/wp\/v2\/comments?post=6288"}],"version-history":[{"count":0,"href":"https:\/\/interreg-grace.eu\/de\/wp-json\/wp\/v2\/posts\/6288\/revisions"}],"wp:featuredmedia":[{"embeddable":true,"href":"https:\/\/interreg-grace.eu\/de\/wp-json\/wp\/v2\/media\/6010"}],"wp:attachment":[{"href":"https:\/\/interreg-grace.eu\/de\/wp-json\/wp\/v2\/media?parent=6288"}],"wp:term":[{"taxonomy":"category","embeddable":true,"href":"https:\/\/interreg-grace.eu\/de\/wp-json\/wp\/v2\/categories?post=6288"},{"taxonomy":"post_tag","embeddable":true,"href":"https:\/\/interreg-grace.eu\/de\/wp-json\/wp\/v2\/tags?post=6288"}],"curies":[{"name":"wp","href":"https:\/\/api.w.org\/{rel}","templated":true}]}}