{"id":6257,"date":"2025-04-17T13:19:07","date_gmt":"2025-04-17T11:19:07","guid":{"rendered":"https:\/\/interreg-grace.eu\/aufruf-zur-einreichung-von-projekten-klangresidenz-fuer-klangkuenstlerinnen\/"},"modified":"2025-04-17T13:19:07","modified_gmt":"2025-04-17T11:19:07","slug":"aufruf-zur-einreichung-von-projekten-klangresidenz-fuer-klangkuenstlerinnen","status":"publish","type":"post","link":"https:\/\/interreg-grace.eu\/de\/aufruf-zur-einreichung-von-projekten-klangresidenz-fuer-klangkuenstlerinnen\/","title":{"rendered":"Aufruf zur Einreichung von Projekten: Klangresidenz f\u00fcr Klangk\u00fcnstler:innen"},"content":{"rendered":"<p class=\"elementtoproof\" style=\"background: white;\"><span style=\"color: #242424;\">Anbei finden Sie die Ausschreibung f\u00fcr eine Residenz f\u00fcr Klangk\u00fcnstler:innen, die von der Cellule Art, Sciences et Innovation der Universit\u00e4t L\u00fcttich organisiert wird. Diese Residenz wird im Rahmen des GRACE-Projekts (Interreg VI Gro\u00dfregion) in Zusammenarbeit mit dem L\u00ebtzebuerg City Museum (Luxemburg), dem M\u00e9morial de Verdun (Frankreich) und dem Weltkulturerbe V\u00f6lklinger H\u00fctte (Deutschland) organisiert. <\/span><\/p>\n<p class=\"elementtoproof\" style=\"background: white;\"><span style=\"color: #242424;\">Zwischen Juli und September 2025 werden zwei K\u00fcnstler:innen ausgew\u00e4hlt, die auf der Grundlage der in den Partnermuseen gesammelten Kl\u00e4nge eine Klangkomposition erstellen werden. Dieses Projekt hat zum Ziel, eine sensible und poetische Interpretation der kulturellen St\u00e4tten der Gro\u00dfregion durch kurze H\u00f6rbeitr\u00e4ge auf verschiedenen Plattformen zu bieten. <\/span><\/p>\n<p class=\"elementtoproof\" style=\"background: white;\"><span style=\"color: #242424;\">Die Ausschreibung ist bis zum <strong>16. Mai 2025, 24:00 Uhr<\/strong> ge\u00f6ffnet.<\/span><\/p>\n<p class=\"elementtoproof\" style=\"background: white;\"><span style=\"color: #242424;\">Bitte leiten Sie diese Informationen an interessierte Kontakte und Organisationen weiter.<\/span><\/p>\n<p class=\"elementtoproof\" style=\"margin-bottom: 12.0pt; background: white;\"><span style=\"color: #242424;\">F\u00fcr weitere Fragen stehen wir Ihnen sehr gerne zur Verf\u00fcgung (Gloria.sagaradze@uliege.be). <\/span><\/p>\n<p><span style=\"color: #242424;\"><a href=\"https:\/\/interreg-grace.eu\/wp-content\/uploads\/2025\/04\/APP-residence-sonore-ULiege-GRACE.pdf\">Appel \u00e0 projet_R\u00e9sidence sonore &#8211; ULi\u00e8ge-GRACE<\/a><\/span><\/p>\n","protected":false},"excerpt":{"rendered":"<p>Anbei finden Sie die Ausschreibung f\u00fcr eine Residenz f\u00fcr Klangk\u00fcnstler:innen,  [&#8230;]<\/p>\n","protected":false},"author":2,"featured_media":6217,"comment_status":"open","ping_status":"open","sticky":false,"template":"","format":"standard","meta":{"_acf_changed":false,"footnotes":""},"categories":[107,104],"tags":[100],"class_list":["post-6257","post","type-post","status-publish","format-standard","has-post-thumbnail","hentry","category-arts-numeriques-de","category-belgien","tag-digitale-kunste"],"acf":[],"yoast_head":"<!-- This site is optimized with the Yoast SEO Premium plugin v24.7 (Yoast SEO v27.3) - https:\/\/yoast.com\/product\/yoast-seo-premium-wordpress\/ -->\n<title>Aufruf zur Einreichung von Projekten: Klangresidenz f\u00fcr Klangk\u00fcnstler:innen - Projet GRACE<\/title>\n<meta name=\"description\" content=\"Die Universit\u00e4t L\u00fcttich ruft zur Einreichung von Projekten f\u00fcr eine Klangkomposition mit Kl\u00e4ngen aus den Partnermuseen auf.\" \/>\n<meta name=\"robots\" content=\"index, follow, max-snippet:-1, max-image-preview:large, max-video-preview:-1\" \/>\n<link rel=\"canonical\" href=\"https:\/\/interreg-grace.eu\/de\/aufruf-zur-einreichung-von-projekten-klangresidenz-fuer-klangkuenstlerinnen\/\" \/>\n<meta property=\"og:locale\" content=\"de_DE\" \/>\n<meta property=\"og:type\" content=\"article\" \/>\n<meta property=\"og:title\" content=\"Aufruf zur Einreichung von Projekten: Klangresidenz f\u00fcr Klangk\u00fcnstler:innen\" \/>\n<meta property=\"og:description\" content=\"Die Universit\u00e4t L\u00fcttich ruft zur Einreichung von Projekten f\u00fcr eine Klangkomposition mit Kl\u00e4ngen aus den Partnermuseen auf.\" \/>\n<meta property=\"og:url\" content=\"https:\/\/interreg-grace.eu\/de\/aufruf-zur-einreichung-von-projekten-klangresidenz-fuer-klangkuenstlerinnen\/\" \/>\n<meta property=\"og:site_name\" content=\"Projet GRACE\" \/>\n<meta property=\"article:published_time\" content=\"2025-04-17T11:19:07+00:00\" \/>\n<meta property=\"og:image\" content=\"https:\/\/interreg-grace.eu\/wp-content\/uploads\/2025\/04\/54363073-close-up-of-boutique-recording-studio-control-desk.jpg\" \/>\n\t<meta property=\"og:image:width\" content=\"1300\" \/>\n\t<meta property=\"og:image:height\" content=\"867\" \/>\n\t<meta property=\"og:image:type\" content=\"image\/jpeg\" \/>\n<meta name=\"author\" content=\"Ville de Verviers\" \/>\n<meta name=\"twitter:card\" content=\"summary_large_image\" \/>\n<meta name=\"twitter:label1\" content=\"Verfasst von\" \/>\n\t<meta name=\"twitter:data1\" content=\"Ville de Verviers\" \/>\n\t<meta name=\"twitter:label2\" content=\"Gesch\u00e4tzte Lesezeit\" \/>\n\t<meta name=\"twitter:data2\" content=\"1\u00a0Minute\" \/>\n<script type=\"application\/ld+json\" class=\"yoast-schema-graph\">{\"@context\":\"https:\\\/\\\/schema.org\",\"@graph\":[{\"@type\":\"Article\",\"@id\":\"https:\\\/\\\/interreg-grace.eu\\\/de\\\/aufruf-zur-einreichung-von-projekten-klangresidenz-fuer-klangkuenstlerinnen\\\/#article\",\"isPartOf\":{\"@id\":\"https:\\\/\\\/interreg-grace.eu\\\/de\\\/aufruf-zur-einreichung-von-projekten-klangresidenz-fuer-klangkuenstlerinnen\\\/\"},\"author\":{\"name\":\"Ville de Verviers\",\"@id\":\"https:\\\/\\\/interreg-grace.eu\\\/de\\\/#\\\/schema\\\/person\\\/9808534836629993be91207896bb39dd\"},\"headline\":\"Aufruf zur Einreichung von Projekten: Klangresidenz f\u00fcr Klangk\u00fcnstler:innen\",\"datePublished\":\"2025-04-17T11:19:07+00:00\",\"mainEntityOfPage\":{\"@id\":\"https:\\\/\\\/interreg-grace.eu\\\/de\\\/aufruf-zur-einreichung-von-projekten-klangresidenz-fuer-klangkuenstlerinnen\\\/\"},\"wordCount\":172,\"commentCount\":0,\"publisher\":{\"@id\":\"https:\\\/\\\/interreg-grace.eu\\\/de\\\/#organization\"},\"image\":{\"@id\":\"https:\\\/\\\/interreg-grace.eu\\\/de\\\/aufruf-zur-einreichung-von-projekten-klangresidenz-fuer-klangkuenstlerinnen\\\/#primaryimage\"},\"thumbnailUrl\":\"https:\\\/\\\/interreg-grace.eu\\\/wp-content\\\/uploads\\\/2025\\\/04\\\/54363073-close-up-of-boutique-recording-studio-control-desk.jpg\",\"keywords\":[\"Digitale K\u00fcnste\"],\"articleSection\":[\"Arts num\u00e9riques\",\"Belgien\"],\"inLanguage\":\"de\",\"potentialAction\":[{\"@type\":\"CommentAction\",\"name\":\"Comment\",\"target\":[\"https:\\\/\\\/interreg-grace.eu\\\/de\\\/aufruf-zur-einreichung-von-projekten-klangresidenz-fuer-klangkuenstlerinnen\\\/#respond\"]}]},{\"@type\":\"WebPage\",\"@id\":\"https:\\\/\\\/interreg-grace.eu\\\/de\\\/aufruf-zur-einreichung-von-projekten-klangresidenz-fuer-klangkuenstlerinnen\\\/\",\"url\":\"https:\\\/\\\/interreg-grace.eu\\\/de\\\/aufruf-zur-einreichung-von-projekten-klangresidenz-fuer-klangkuenstlerinnen\\\/\",\"name\":\"Aufruf zur Einreichung von Projekten: Klangresidenz f\u00fcr Klangk\u00fcnstler:innen - Projet GRACE\",\"isPartOf\":{\"@id\":\"https:\\\/\\\/interreg-grace.eu\\\/de\\\/#website\"},\"primaryImageOfPage\":{\"@id\":\"https:\\\/\\\/interreg-grace.eu\\\/de\\\/aufruf-zur-einreichung-von-projekten-klangresidenz-fuer-klangkuenstlerinnen\\\/#primaryimage\"},\"image\":{\"@id\":\"https:\\\/\\\/interreg-grace.eu\\\/de\\\/aufruf-zur-einreichung-von-projekten-klangresidenz-fuer-klangkuenstlerinnen\\\/#primaryimage\"},\"thumbnailUrl\":\"https:\\\/\\\/interreg-grace.eu\\\/wp-content\\\/uploads\\\/2025\\\/04\\\/54363073-close-up-of-boutique-recording-studio-control-desk.jpg\",\"datePublished\":\"2025-04-17T11:19:07+00:00\",\"description\":\"Die Universit\u00e4t L\u00fcttich ruft zur Einreichung von Projekten f\u00fcr eine Klangkomposition mit Kl\u00e4ngen aus den Partnermuseen auf.\",\"breadcrumb\":{\"@id\":\"https:\\\/\\\/interreg-grace.eu\\\/de\\\/aufruf-zur-einreichung-von-projekten-klangresidenz-fuer-klangkuenstlerinnen\\\/#breadcrumb\"},\"inLanguage\":\"de\",\"potentialAction\":[{\"@type\":\"ReadAction\",\"target\":[\"https:\\\/\\\/interreg-grace.eu\\\/de\\\/aufruf-zur-einreichung-von-projekten-klangresidenz-fuer-klangkuenstlerinnen\\\/\"]}]},{\"@type\":\"ImageObject\",\"inLanguage\":\"de\",\"@id\":\"https:\\\/\\\/interreg-grace.eu\\\/de\\\/aufruf-zur-einreichung-von-projekten-klangresidenz-fuer-klangkuenstlerinnen\\\/#primaryimage\",\"url\":\"https:\\\/\\\/interreg-grace.eu\\\/wp-content\\\/uploads\\\/2025\\\/04\\\/54363073-close-up-of-boutique-recording-studio-control-desk.jpg\",\"contentUrl\":\"https:\\\/\\\/interreg-grace.eu\\\/wp-content\\\/uploads\\\/2025\\\/04\\\/54363073-close-up-of-boutique-recording-studio-control-desk.jpg\",\"width\":1300,\"height\":867,\"caption\":\"\u00a9\"},{\"@type\":\"BreadcrumbList\",\"@id\":\"https:\\\/\\\/interreg-grace.eu\\\/de\\\/aufruf-zur-einreichung-von-projekten-klangresidenz-fuer-klangkuenstlerinnen\\\/#breadcrumb\",\"itemListElement\":[{\"@type\":\"ListItem\",\"position\":1,\"name\":\"Accueil\",\"item\":\"https:\\\/\\\/interreg-grace.eu\\\/de\\\/\"},{\"@type\":\"ListItem\",\"position\":2,\"name\":\"Aufruf zur Einreichung von Projekten: Klangresidenz f\u00fcr Klangk\u00fcnstler:innen\"}]},{\"@type\":\"WebSite\",\"@id\":\"https:\\\/\\\/interreg-grace.eu\\\/de\\\/#website\",\"url\":\"https:\\\/\\\/interreg-grace.eu\\\/de\\\/\",\"name\":\"Projet GRACE\",\"description\":\"Greater Region Artistic and Cultural Education\",\"publisher\":{\"@id\":\"https:\\\/\\\/interreg-grace.eu\\\/de\\\/#organization\"},\"potentialAction\":[{\"@type\":\"SearchAction\",\"target\":{\"@type\":\"EntryPoint\",\"urlTemplate\":\"https:\\\/\\\/interreg-grace.eu\\\/de\\\/?s={search_term_string}\"},\"query-input\":{\"@type\":\"PropertyValueSpecification\",\"valueRequired\":true,\"valueName\":\"search_term_string\"}}],\"inLanguage\":\"de\"},{\"@type\":\"Organization\",\"@id\":\"https:\\\/\\\/interreg-grace.eu\\\/de\\\/#organization\",\"name\":\"Interreg Grace\",\"alternateName\":\"Greater Region Artistic and Cultural Education\",\"url\":\"https:\\\/\\\/interreg-grace.eu\\\/de\\\/\",\"logo\":{\"@type\":\"ImageObject\",\"inLanguage\":\"de\",\"@id\":\"https:\\\/\\\/interreg-grace.eu\\\/de\\\/#\\\/schema\\\/logo\\\/image\\\/\",\"url\":\"https:\\\/\\\/interreg-grace.eu\\\/wp-content\\\/uploads\\\/2024\\\/08\\\/cropped-favicon-grace.webp\",\"contentUrl\":\"https:\\\/\\\/interreg-grace.eu\\\/wp-content\\\/uploads\\\/2024\\\/08\\\/cropped-favicon-grace.webp\",\"width\":512,\"height\":512,\"caption\":\"Interreg Grace\"},\"image\":{\"@id\":\"https:\\\/\\\/interreg-grace.eu\\\/de\\\/#\\\/schema\\\/logo\\\/image\\\/\"},\"sameAs\":[\"https:\\\/\\\/www.linkedin.com\\\/company\\\/interreg-grace\\\/\"]},{\"@type\":\"Person\",\"@id\":\"https:\\\/\\\/interreg-grace.eu\\\/de\\\/#\\\/schema\\\/person\\\/9808534836629993be91207896bb39dd\",\"name\":\"Ville de Verviers\",\"image\":{\"@type\":\"ImageObject\",\"inLanguage\":\"de\",\"@id\":\"https:\\\/\\\/secure.gravatar.com\\\/avatar\\\/6e24b70a759bb09a2aac1c0193edfabcde75a07419cd373c06535d96997fead5?s=96&d=mm&r=g\",\"url\":\"https:\\\/\\\/secure.gravatar.com\\\/avatar\\\/6e24b70a759bb09a2aac1c0193edfabcde75a07419cd373c06535d96997fead5?s=96&d=mm&r=g\",\"contentUrl\":\"https:\\\/\\\/secure.gravatar.com\\\/avatar\\\/6e24b70a759bb09a2aac1c0193edfabcde75a07419cd373c06535d96997fead5?s=96&d=mm&r=g\",\"caption\":\"Ville de Verviers\"}}]}<\/script>\n<!-- \/ Yoast SEO Premium plugin. -->","yoast_head_json":{"title":"Aufruf zur Einreichung von Projekten: Klangresidenz f\u00fcr Klangk\u00fcnstler:innen - Projet GRACE","description":"Die Universit\u00e4t L\u00fcttich ruft zur Einreichung von Projekten f\u00fcr eine Klangkomposition mit Kl\u00e4ngen aus den Partnermuseen auf.","robots":{"index":"index","follow":"follow","max-snippet":"max-snippet:-1","max-image-preview":"max-image-preview:large","max-video-preview":"max-video-preview:-1"},"canonical":"https:\/\/interreg-grace.eu\/de\/aufruf-zur-einreichung-von-projekten-klangresidenz-fuer-klangkuenstlerinnen\/","og_locale":"de_DE","og_type":"article","og_title":"Aufruf zur Einreichung von Projekten: Klangresidenz f\u00fcr Klangk\u00fcnstler:innen","og_description":"Die Universit\u00e4t L\u00fcttich ruft zur Einreichung von Projekten f\u00fcr eine Klangkomposition mit Kl\u00e4ngen aus den Partnermuseen auf.","og_url":"https:\/\/interreg-grace.eu\/de\/aufruf-zur-einreichung-von-projekten-klangresidenz-fuer-klangkuenstlerinnen\/","og_site_name":"Projet GRACE","article_published_time":"2025-04-17T11:19:07+00:00","og_image":[{"width":1300,"height":867,"url":"https:\/\/interreg-grace.eu\/wp-content\/uploads\/2025\/04\/54363073-close-up-of-boutique-recording-studio-control-desk.jpg","type":"image\/jpeg"}],"author":"Ville de Verviers","twitter_card":"summary_large_image","twitter_misc":{"Verfasst von":"Ville de Verviers","Gesch\u00e4tzte Lesezeit":"1\u00a0Minute"},"schema":{"@context":"https:\/\/schema.org","@graph":[{"@type":"Article","@id":"https:\/\/interreg-grace.eu\/de\/aufruf-zur-einreichung-von-projekten-klangresidenz-fuer-klangkuenstlerinnen\/#article","isPartOf":{"@id":"https:\/\/interreg-grace.eu\/de\/aufruf-zur-einreichung-von-projekten-klangresidenz-fuer-klangkuenstlerinnen\/"},"author":{"name":"Ville de Verviers","@id":"https:\/\/interreg-grace.eu\/de\/#\/schema\/person\/9808534836629993be91207896bb39dd"},"headline":"Aufruf zur Einreichung von Projekten: Klangresidenz f\u00fcr Klangk\u00fcnstler:innen","datePublished":"2025-04-17T11:19:07+00:00","mainEntityOfPage":{"@id":"https:\/\/interreg-grace.eu\/de\/aufruf-zur-einreichung-von-projekten-klangresidenz-fuer-klangkuenstlerinnen\/"},"wordCount":172,"commentCount":0,"publisher":{"@id":"https:\/\/interreg-grace.eu\/de\/#organization"},"image":{"@id":"https:\/\/interreg-grace.eu\/de\/aufruf-zur-einreichung-von-projekten-klangresidenz-fuer-klangkuenstlerinnen\/#primaryimage"},"thumbnailUrl":"https:\/\/interreg-grace.eu\/wp-content\/uploads\/2025\/04\/54363073-close-up-of-boutique-recording-studio-control-desk.jpg","keywords":["Digitale K\u00fcnste"],"articleSection":["Arts num\u00e9riques","Belgien"],"inLanguage":"de","potentialAction":[{"@type":"CommentAction","name":"Comment","target":["https:\/\/interreg-grace.eu\/de\/aufruf-zur-einreichung-von-projekten-klangresidenz-fuer-klangkuenstlerinnen\/#respond"]}]},{"@type":"WebPage","@id":"https:\/\/interreg-grace.eu\/de\/aufruf-zur-einreichung-von-projekten-klangresidenz-fuer-klangkuenstlerinnen\/","url":"https:\/\/interreg-grace.eu\/de\/aufruf-zur-einreichung-von-projekten-klangresidenz-fuer-klangkuenstlerinnen\/","name":"Aufruf zur Einreichung von Projekten: Klangresidenz f\u00fcr Klangk\u00fcnstler:innen - Projet GRACE","isPartOf":{"@id":"https:\/\/interreg-grace.eu\/de\/#website"},"primaryImageOfPage":{"@id":"https:\/\/interreg-grace.eu\/de\/aufruf-zur-einreichung-von-projekten-klangresidenz-fuer-klangkuenstlerinnen\/#primaryimage"},"image":{"@id":"https:\/\/interreg-grace.eu\/de\/aufruf-zur-einreichung-von-projekten-klangresidenz-fuer-klangkuenstlerinnen\/#primaryimage"},"thumbnailUrl":"https:\/\/interreg-grace.eu\/wp-content\/uploads\/2025\/04\/54363073-close-up-of-boutique-recording-studio-control-desk.jpg","datePublished":"2025-04-17T11:19:07+00:00","description":"Die Universit\u00e4t L\u00fcttich ruft zur Einreichung von Projekten f\u00fcr eine Klangkomposition mit Kl\u00e4ngen aus den Partnermuseen auf.","breadcrumb":{"@id":"https:\/\/interreg-grace.eu\/de\/aufruf-zur-einreichung-von-projekten-klangresidenz-fuer-klangkuenstlerinnen\/#breadcrumb"},"inLanguage":"de","potentialAction":[{"@type":"ReadAction","target":["https:\/\/interreg-grace.eu\/de\/aufruf-zur-einreichung-von-projekten-klangresidenz-fuer-klangkuenstlerinnen\/"]}]},{"@type":"ImageObject","inLanguage":"de","@id":"https:\/\/interreg-grace.eu\/de\/aufruf-zur-einreichung-von-projekten-klangresidenz-fuer-klangkuenstlerinnen\/#primaryimage","url":"https:\/\/interreg-grace.eu\/wp-content\/uploads\/2025\/04\/54363073-close-up-of-boutique-recording-studio-control-desk.jpg","contentUrl":"https:\/\/interreg-grace.eu\/wp-content\/uploads\/2025\/04\/54363073-close-up-of-boutique-recording-studio-control-desk.jpg","width":1300,"height":867,"caption":"\u00a9"},{"@type":"BreadcrumbList","@id":"https:\/\/interreg-grace.eu\/de\/aufruf-zur-einreichung-von-projekten-klangresidenz-fuer-klangkuenstlerinnen\/#breadcrumb","itemListElement":[{"@type":"ListItem","position":1,"name":"Accueil","item":"https:\/\/interreg-grace.eu\/de\/"},{"@type":"ListItem","position":2,"name":"Aufruf zur Einreichung von Projekten: Klangresidenz f\u00fcr Klangk\u00fcnstler:innen"}]},{"@type":"WebSite","@id":"https:\/\/interreg-grace.eu\/de\/#website","url":"https:\/\/interreg-grace.eu\/de\/","name":"Projet GRACE","description":"Greater Region Artistic and Cultural Education","publisher":{"@id":"https:\/\/interreg-grace.eu\/de\/#organization"},"potentialAction":[{"@type":"SearchAction","target":{"@type":"EntryPoint","urlTemplate":"https:\/\/interreg-grace.eu\/de\/?s={search_term_string}"},"query-input":{"@type":"PropertyValueSpecification","valueRequired":true,"valueName":"search_term_string"}}],"inLanguage":"de"},{"@type":"Organization","@id":"https:\/\/interreg-grace.eu\/de\/#organization","name":"Interreg Grace","alternateName":"Greater Region Artistic and Cultural Education","url":"https:\/\/interreg-grace.eu\/de\/","logo":{"@type":"ImageObject","inLanguage":"de","@id":"https:\/\/interreg-grace.eu\/de\/#\/schema\/logo\/image\/","url":"https:\/\/interreg-grace.eu\/wp-content\/uploads\/2024\/08\/cropped-favicon-grace.webp","contentUrl":"https:\/\/interreg-grace.eu\/wp-content\/uploads\/2024\/08\/cropped-favicon-grace.webp","width":512,"height":512,"caption":"Interreg Grace"},"image":{"@id":"https:\/\/interreg-grace.eu\/de\/#\/schema\/logo\/image\/"},"sameAs":["https:\/\/www.linkedin.com\/company\/interreg-grace\/"]},{"@type":"Person","@id":"https:\/\/interreg-grace.eu\/de\/#\/schema\/person\/9808534836629993be91207896bb39dd","name":"Ville de Verviers","image":{"@type":"ImageObject","inLanguage":"de","@id":"https:\/\/secure.gravatar.com\/avatar\/6e24b70a759bb09a2aac1c0193edfabcde75a07419cd373c06535d96997fead5?s=96&d=mm&r=g","url":"https:\/\/secure.gravatar.com\/avatar\/6e24b70a759bb09a2aac1c0193edfabcde75a07419cd373c06535d96997fead5?s=96&d=mm&r=g","contentUrl":"https:\/\/secure.gravatar.com\/avatar\/6e24b70a759bb09a2aac1c0193edfabcde75a07419cd373c06535d96997fead5?s=96&d=mm&r=g","caption":"Ville de Verviers"}}]}},"_links":{"self":[{"href":"https:\/\/interreg-grace.eu\/de\/wp-json\/wp\/v2\/posts\/6257","targetHints":{"allow":["GET"]}}],"collection":[{"href":"https:\/\/interreg-grace.eu\/de\/wp-json\/wp\/v2\/posts"}],"about":[{"href":"https:\/\/interreg-grace.eu\/de\/wp-json\/wp\/v2\/types\/post"}],"author":[{"embeddable":true,"href":"https:\/\/interreg-grace.eu\/de\/wp-json\/wp\/v2\/users\/2"}],"replies":[{"embeddable":true,"href":"https:\/\/interreg-grace.eu\/de\/wp-json\/wp\/v2\/comments?post=6257"}],"version-history":[{"count":0,"href":"https:\/\/interreg-grace.eu\/de\/wp-json\/wp\/v2\/posts\/6257\/revisions"}],"wp:featuredmedia":[{"embeddable":true,"href":"https:\/\/interreg-grace.eu\/de\/wp-json\/wp\/v2\/media\/6217"}],"wp:attachment":[{"href":"https:\/\/interreg-grace.eu\/de\/wp-json\/wp\/v2\/media?parent=6257"}],"wp:term":[{"taxonomy":"category","embeddable":true,"href":"https:\/\/interreg-grace.eu\/de\/wp-json\/wp\/v2\/categories?post=6257"},{"taxonomy":"post_tag","embeddable":true,"href":"https:\/\/interreg-grace.eu\/de\/wp-json\/wp\/v2\/tags?post=6257"}],"curies":[{"name":"wp","href":"https:\/\/api.w.org\/{rel}","templated":true}]}}