{"id":6234,"date":"2025-04-28T10:00:59","date_gmt":"2025-04-28T08:00:59","guid":{"rendered":"https:\/\/interreg-grace.eu\/tanzbegeisterte-gesucht-jetzt-mitmachen\/"},"modified":"2025-04-28T10:00:59","modified_gmt":"2025-04-28T08:00:59","slug":"tanzbegeisterte-gesucht-jetzt-mitmachen","status":"publish","type":"post","link":"https:\/\/interreg-grace.eu\/de\/tanzbegeisterte-gesucht-jetzt-mitmachen\/","title":{"rendered":"Tanzbegeisterte gesucht \u2013 Jetzt mitmachen!"},"content":{"rendered":"<h2><strong>Das Weltkulturerbe V\u00f6lklinger H\u00fctte sucht Mitt\u00e4nzer:innen!<\/strong><\/h2>\n<p>Am 19. und 20. Juni, jeweils um 19 Uhr, k\u00f6nnen sie Teil der Tanz-Performance R\u00b7ONDE\u00b7S des franz\u00f6sischen Star-Choreographen Pierre Rigal auf dem Erzplatz der V\u00f6lklinger H\u00fctte werden!<\/p>\n<p>Unter Anleitung von Profi-T\u00e4nzer:innen aus dem Team von Pierre Rigal haben Sie die M\u00f6glichkeit im Vorfeld in verschiedenen Workshops die Figuren von R\u00b7ONDE\u00b7S zu erlernen.<\/p>\n<p>Tanzen Sie mit! Melden Sie sich, Familie und Freunde f\u00fcr unsere Workshops an! <\/p>\n<p>&nbsp;<\/p>\n<p><strong>Weitere Informationen sowie die Anmeldung finden Sie unter diesem <\/strong><a href=\"https:\/\/voelklinger-huette.org\/fr\/autres\/atelier-de-danse-rondes\/\"><strong>Link<\/strong><\/a><strong>!<\/strong><\/p>\n<p><strong>Wir freuen uns auf zahlreiche Teilnahme!<\/strong><\/p>\n","protected":false},"excerpt":{"rendered":"<p>Das Weltkulturerbe V\u00f6lklinger H\u00fctte sucht Mitt\u00e4nzer:innen! Am 19. und 20.  [&#8230;]<\/p>\n","protected":false},"author":2,"featured_media":6220,"comment_status":"open","ping_status":"open","sticky":false,"template":"","format":"standard","meta":{"_acf_changed":false,"footnotes":""},"categories":[108,102],"tags":[101],"class_list":["post-6234","post","type-post","status-publish","format-standard","has-post-thumbnail","hentry","category-darstellende-kunst","category-deutschland","tag-darstellende-kunst"],"acf":[],"yoast_head":"<!-- This site is optimized with the Yoast SEO Premium plugin v24.7 (Yoast SEO v27.3) - https:\/\/yoast.com\/product\/yoast-seo-premium-wordpress\/ -->\n<title>Tanzbegeisterte gesucht \u2013 Jetzt mitmachen! - Projet GRACE<\/title>\n<meta name=\"description\" content=\"Das Welterbe V\u00f6lklinger H\u00fctte sucht Mitwirkende f\u00fcr Pierre Rigals Performance \u201eRondes\u201c.\" \/>\n<meta name=\"robots\" content=\"index, follow, max-snippet:-1, max-image-preview:large, max-video-preview:-1\" \/>\n<link rel=\"canonical\" href=\"https:\/\/interreg-grace.eu\/de\/tanzbegeisterte-gesucht-jetzt-mitmachen\/\" \/>\n<meta property=\"og:locale\" content=\"de_DE\" \/>\n<meta property=\"og:type\" content=\"article\" \/>\n<meta property=\"og:title\" content=\"Tanzbegeisterte gesucht \u2013 Jetzt mitmachen!\" \/>\n<meta property=\"og:description\" content=\"Das Welterbe V\u00f6lklinger H\u00fctte sucht Mitwirkende f\u00fcr Pierre Rigals Performance \u201eRondes\u201c.\" \/>\n<meta property=\"og:url\" content=\"https:\/\/interreg-grace.eu\/de\/tanzbegeisterte-gesucht-jetzt-mitmachen\/\" \/>\n<meta property=\"og:site_name\" content=\"Projet GRACE\" \/>\n<meta property=\"article:published_time\" content=\"2025-04-28T08:00:59+00:00\" \/>\n<meta property=\"og:image\" content=\"https:\/\/interreg-grace.eu\/wp-content\/uploads\/2025\/04\/AGENDA-LE-CARREAU-RONDES-c-Cyril-Zannettacci-Agence-VU-scaled.jpg\" \/>\n\t<meta property=\"og:image:width\" content=\"2048\" \/>\n\t<meta property=\"og:image:height\" content=\"2560\" \/>\n\t<meta property=\"og:image:type\" content=\"image\/jpeg\" \/>\n<meta name=\"author\" content=\"Ville de Verviers\" \/>\n<meta name=\"twitter:card\" content=\"summary_large_image\" \/>\n<meta name=\"twitter:label1\" content=\"Verfasst von\" \/>\n\t<meta name=\"twitter:data1\" content=\"Ville de Verviers\" \/>\n\t<meta name=\"twitter:label2\" content=\"Gesch\u00e4tzte Lesezeit\" \/>\n\t<meta name=\"twitter:data2\" content=\"1\u00a0Minute\" \/>\n<script type=\"application\/ld+json\" class=\"yoast-schema-graph\">{\"@context\":\"https:\\\/\\\/schema.org\",\"@graph\":[{\"@type\":\"Article\",\"@id\":\"https:\\\/\\\/interreg-grace.eu\\\/de\\\/tanzbegeisterte-gesucht-jetzt-mitmachen\\\/#article\",\"isPartOf\":{\"@id\":\"https:\\\/\\\/interreg-grace.eu\\\/de\\\/tanzbegeisterte-gesucht-jetzt-mitmachen\\\/\"},\"author\":{\"name\":\"Ville de Verviers\",\"@id\":\"https:\\\/\\\/interreg-grace.eu\\\/de\\\/#\\\/schema\\\/person\\\/9808534836629993be91207896bb39dd\"},\"headline\":\"Tanzbegeisterte gesucht \u2013 Jetzt mitmachen!\",\"datePublished\":\"2025-04-28T08:00:59+00:00\",\"mainEntityOfPage\":{\"@id\":\"https:\\\/\\\/interreg-grace.eu\\\/de\\\/tanzbegeisterte-gesucht-jetzt-mitmachen\\\/\"},\"wordCount\":105,\"commentCount\":0,\"publisher\":{\"@id\":\"https:\\\/\\\/interreg-grace.eu\\\/de\\\/#organization\"},\"image\":{\"@id\":\"https:\\\/\\\/interreg-grace.eu\\\/de\\\/tanzbegeisterte-gesucht-jetzt-mitmachen\\\/#primaryimage\"},\"thumbnailUrl\":\"https:\\\/\\\/interreg-grace.eu\\\/wp-content\\\/uploads\\\/2025\\\/04\\\/AGENDA-LE-CARREAU-RONDES-c-Cyril-Zannettacci-Agence-VU-scaled.jpg\",\"keywords\":[\"Darstellende Kunst\"],\"articleSection\":[\"Darstellende Kunst\",\"Deutschland\"],\"inLanguage\":\"de\",\"potentialAction\":[{\"@type\":\"CommentAction\",\"name\":\"Comment\",\"target\":[\"https:\\\/\\\/interreg-grace.eu\\\/de\\\/tanzbegeisterte-gesucht-jetzt-mitmachen\\\/#respond\"]}]},{\"@type\":\"WebPage\",\"@id\":\"https:\\\/\\\/interreg-grace.eu\\\/de\\\/tanzbegeisterte-gesucht-jetzt-mitmachen\\\/\",\"url\":\"https:\\\/\\\/interreg-grace.eu\\\/de\\\/tanzbegeisterte-gesucht-jetzt-mitmachen\\\/\",\"name\":\"Tanzbegeisterte gesucht \u2013 Jetzt mitmachen! - Projet GRACE\",\"isPartOf\":{\"@id\":\"https:\\\/\\\/interreg-grace.eu\\\/de\\\/#website\"},\"primaryImageOfPage\":{\"@id\":\"https:\\\/\\\/interreg-grace.eu\\\/de\\\/tanzbegeisterte-gesucht-jetzt-mitmachen\\\/#primaryimage\"},\"image\":{\"@id\":\"https:\\\/\\\/interreg-grace.eu\\\/de\\\/tanzbegeisterte-gesucht-jetzt-mitmachen\\\/#primaryimage\"},\"thumbnailUrl\":\"https:\\\/\\\/interreg-grace.eu\\\/wp-content\\\/uploads\\\/2025\\\/04\\\/AGENDA-LE-CARREAU-RONDES-c-Cyril-Zannettacci-Agence-VU-scaled.jpg\",\"datePublished\":\"2025-04-28T08:00:59+00:00\",\"description\":\"Das Welterbe V\u00f6lklinger H\u00fctte sucht Mitwirkende f\u00fcr Pierre Rigals Performance \u201eRondes\u201c.\",\"breadcrumb\":{\"@id\":\"https:\\\/\\\/interreg-grace.eu\\\/de\\\/tanzbegeisterte-gesucht-jetzt-mitmachen\\\/#breadcrumb\"},\"inLanguage\":\"de\",\"potentialAction\":[{\"@type\":\"ReadAction\",\"target\":[\"https:\\\/\\\/interreg-grace.eu\\\/de\\\/tanzbegeisterte-gesucht-jetzt-mitmachen\\\/\"]}]},{\"@type\":\"ImageObject\",\"inLanguage\":\"de\",\"@id\":\"https:\\\/\\\/interreg-grace.eu\\\/de\\\/tanzbegeisterte-gesucht-jetzt-mitmachen\\\/#primaryimage\",\"url\":\"https:\\\/\\\/interreg-grace.eu\\\/wp-content\\\/uploads\\\/2025\\\/04\\\/AGENDA-LE-CARREAU-RONDES-c-Cyril-Zannettacci-Agence-VU-scaled.jpg\",\"contentUrl\":\"https:\\\/\\\/interreg-grace.eu\\\/wp-content\\\/uploads\\\/2025\\\/04\\\/AGENDA-LE-CARREAU-RONDES-c-Cyril-Zannettacci-Agence-VU-scaled.jpg\",\"width\":2048,\"height\":2560,\"caption\":\"Paris, le 11 octobre 2024 \\\/ Pierre Rigal, compagnie Derni\u00e8re Minute, cr\u00e9ation 2024 R.ONDE.S, repr\u00e9sentation au Panth\u00e9on\"},{\"@type\":\"BreadcrumbList\",\"@id\":\"https:\\\/\\\/interreg-grace.eu\\\/de\\\/tanzbegeisterte-gesucht-jetzt-mitmachen\\\/#breadcrumb\",\"itemListElement\":[{\"@type\":\"ListItem\",\"position\":1,\"name\":\"Accueil\",\"item\":\"https:\\\/\\\/interreg-grace.eu\\\/de\\\/\"},{\"@type\":\"ListItem\",\"position\":2,\"name\":\"Tanzbegeisterte gesucht \u2013 Jetzt mitmachen!\"}]},{\"@type\":\"WebSite\",\"@id\":\"https:\\\/\\\/interreg-grace.eu\\\/de\\\/#website\",\"url\":\"https:\\\/\\\/interreg-grace.eu\\\/de\\\/\",\"name\":\"Projet GRACE\",\"description\":\"Greater Region Artistic and Cultural Education\",\"publisher\":{\"@id\":\"https:\\\/\\\/interreg-grace.eu\\\/de\\\/#organization\"},\"potentialAction\":[{\"@type\":\"SearchAction\",\"target\":{\"@type\":\"EntryPoint\",\"urlTemplate\":\"https:\\\/\\\/interreg-grace.eu\\\/de\\\/?s={search_term_string}\"},\"query-input\":{\"@type\":\"PropertyValueSpecification\",\"valueRequired\":true,\"valueName\":\"search_term_string\"}}],\"inLanguage\":\"de\"},{\"@type\":\"Organization\",\"@id\":\"https:\\\/\\\/interreg-grace.eu\\\/de\\\/#organization\",\"name\":\"Interreg Grace\",\"alternateName\":\"Greater Region Artistic and Cultural Education\",\"url\":\"https:\\\/\\\/interreg-grace.eu\\\/de\\\/\",\"logo\":{\"@type\":\"ImageObject\",\"inLanguage\":\"de\",\"@id\":\"https:\\\/\\\/interreg-grace.eu\\\/de\\\/#\\\/schema\\\/logo\\\/image\\\/\",\"url\":\"https:\\\/\\\/interreg-grace.eu\\\/wp-content\\\/uploads\\\/2024\\\/08\\\/cropped-favicon-grace.webp\",\"contentUrl\":\"https:\\\/\\\/interreg-grace.eu\\\/wp-content\\\/uploads\\\/2024\\\/08\\\/cropped-favicon-grace.webp\",\"width\":512,\"height\":512,\"caption\":\"Interreg Grace\"},\"image\":{\"@id\":\"https:\\\/\\\/interreg-grace.eu\\\/de\\\/#\\\/schema\\\/logo\\\/image\\\/\"},\"sameAs\":[\"https:\\\/\\\/www.linkedin.com\\\/company\\\/interreg-grace\\\/\"]},{\"@type\":\"Person\",\"@id\":\"https:\\\/\\\/interreg-grace.eu\\\/de\\\/#\\\/schema\\\/person\\\/9808534836629993be91207896bb39dd\",\"name\":\"Ville de Verviers\",\"image\":{\"@type\":\"ImageObject\",\"inLanguage\":\"de\",\"@id\":\"https:\\\/\\\/secure.gravatar.com\\\/avatar\\\/6e24b70a759bb09a2aac1c0193edfabcde75a07419cd373c06535d96997fead5?s=96&d=mm&r=g\",\"url\":\"https:\\\/\\\/secure.gravatar.com\\\/avatar\\\/6e24b70a759bb09a2aac1c0193edfabcde75a07419cd373c06535d96997fead5?s=96&d=mm&r=g\",\"contentUrl\":\"https:\\\/\\\/secure.gravatar.com\\\/avatar\\\/6e24b70a759bb09a2aac1c0193edfabcde75a07419cd373c06535d96997fead5?s=96&d=mm&r=g\",\"caption\":\"Ville de Verviers\"}}]}<\/script>\n<!-- \/ Yoast SEO Premium plugin. -->","yoast_head_json":{"title":"Tanzbegeisterte gesucht \u2013 Jetzt mitmachen! - Projet GRACE","description":"Das Welterbe V\u00f6lklinger H\u00fctte sucht Mitwirkende f\u00fcr Pierre Rigals Performance \u201eRondes\u201c.","robots":{"index":"index","follow":"follow","max-snippet":"max-snippet:-1","max-image-preview":"max-image-preview:large","max-video-preview":"max-video-preview:-1"},"canonical":"https:\/\/interreg-grace.eu\/de\/tanzbegeisterte-gesucht-jetzt-mitmachen\/","og_locale":"de_DE","og_type":"article","og_title":"Tanzbegeisterte gesucht \u2013 Jetzt mitmachen!","og_description":"Das Welterbe V\u00f6lklinger H\u00fctte sucht Mitwirkende f\u00fcr Pierre Rigals Performance \u201eRondes\u201c.","og_url":"https:\/\/interreg-grace.eu\/de\/tanzbegeisterte-gesucht-jetzt-mitmachen\/","og_site_name":"Projet GRACE","article_published_time":"2025-04-28T08:00:59+00:00","og_image":[{"width":2048,"height":2560,"url":"https:\/\/interreg-grace.eu\/wp-content\/uploads\/2025\/04\/AGENDA-LE-CARREAU-RONDES-c-Cyril-Zannettacci-Agence-VU-scaled.jpg","type":"image\/jpeg"}],"author":"Ville de Verviers","twitter_card":"summary_large_image","twitter_misc":{"Verfasst von":"Ville de Verviers","Gesch\u00e4tzte Lesezeit":"1\u00a0Minute"},"schema":{"@context":"https:\/\/schema.org","@graph":[{"@type":"Article","@id":"https:\/\/interreg-grace.eu\/de\/tanzbegeisterte-gesucht-jetzt-mitmachen\/#article","isPartOf":{"@id":"https:\/\/interreg-grace.eu\/de\/tanzbegeisterte-gesucht-jetzt-mitmachen\/"},"author":{"name":"Ville de Verviers","@id":"https:\/\/interreg-grace.eu\/de\/#\/schema\/person\/9808534836629993be91207896bb39dd"},"headline":"Tanzbegeisterte gesucht \u2013 Jetzt mitmachen!","datePublished":"2025-04-28T08:00:59+00:00","mainEntityOfPage":{"@id":"https:\/\/interreg-grace.eu\/de\/tanzbegeisterte-gesucht-jetzt-mitmachen\/"},"wordCount":105,"commentCount":0,"publisher":{"@id":"https:\/\/interreg-grace.eu\/de\/#organization"},"image":{"@id":"https:\/\/interreg-grace.eu\/de\/tanzbegeisterte-gesucht-jetzt-mitmachen\/#primaryimage"},"thumbnailUrl":"https:\/\/interreg-grace.eu\/wp-content\/uploads\/2025\/04\/AGENDA-LE-CARREAU-RONDES-c-Cyril-Zannettacci-Agence-VU-scaled.jpg","keywords":["Darstellende Kunst"],"articleSection":["Darstellende Kunst","Deutschland"],"inLanguage":"de","potentialAction":[{"@type":"CommentAction","name":"Comment","target":["https:\/\/interreg-grace.eu\/de\/tanzbegeisterte-gesucht-jetzt-mitmachen\/#respond"]}]},{"@type":"WebPage","@id":"https:\/\/interreg-grace.eu\/de\/tanzbegeisterte-gesucht-jetzt-mitmachen\/","url":"https:\/\/interreg-grace.eu\/de\/tanzbegeisterte-gesucht-jetzt-mitmachen\/","name":"Tanzbegeisterte gesucht \u2013 Jetzt mitmachen! - Projet GRACE","isPartOf":{"@id":"https:\/\/interreg-grace.eu\/de\/#website"},"primaryImageOfPage":{"@id":"https:\/\/interreg-grace.eu\/de\/tanzbegeisterte-gesucht-jetzt-mitmachen\/#primaryimage"},"image":{"@id":"https:\/\/interreg-grace.eu\/de\/tanzbegeisterte-gesucht-jetzt-mitmachen\/#primaryimage"},"thumbnailUrl":"https:\/\/interreg-grace.eu\/wp-content\/uploads\/2025\/04\/AGENDA-LE-CARREAU-RONDES-c-Cyril-Zannettacci-Agence-VU-scaled.jpg","datePublished":"2025-04-28T08:00:59+00:00","description":"Das Welterbe V\u00f6lklinger H\u00fctte sucht Mitwirkende f\u00fcr Pierre Rigals Performance \u201eRondes\u201c.","breadcrumb":{"@id":"https:\/\/interreg-grace.eu\/de\/tanzbegeisterte-gesucht-jetzt-mitmachen\/#breadcrumb"},"inLanguage":"de","potentialAction":[{"@type":"ReadAction","target":["https:\/\/interreg-grace.eu\/de\/tanzbegeisterte-gesucht-jetzt-mitmachen\/"]}]},{"@type":"ImageObject","inLanguage":"de","@id":"https:\/\/interreg-grace.eu\/de\/tanzbegeisterte-gesucht-jetzt-mitmachen\/#primaryimage","url":"https:\/\/interreg-grace.eu\/wp-content\/uploads\/2025\/04\/AGENDA-LE-CARREAU-RONDES-c-Cyril-Zannettacci-Agence-VU-scaled.jpg","contentUrl":"https:\/\/interreg-grace.eu\/wp-content\/uploads\/2025\/04\/AGENDA-LE-CARREAU-RONDES-c-Cyril-Zannettacci-Agence-VU-scaled.jpg","width":2048,"height":2560,"caption":"Paris, le 11 octobre 2024 \/ Pierre Rigal, compagnie Derni\u00e8re Minute, cr\u00e9ation 2024 R.ONDE.S, repr\u00e9sentation au Panth\u00e9on"},{"@type":"BreadcrumbList","@id":"https:\/\/interreg-grace.eu\/de\/tanzbegeisterte-gesucht-jetzt-mitmachen\/#breadcrumb","itemListElement":[{"@type":"ListItem","position":1,"name":"Accueil","item":"https:\/\/interreg-grace.eu\/de\/"},{"@type":"ListItem","position":2,"name":"Tanzbegeisterte gesucht \u2013 Jetzt mitmachen!"}]},{"@type":"WebSite","@id":"https:\/\/interreg-grace.eu\/de\/#website","url":"https:\/\/interreg-grace.eu\/de\/","name":"Projet GRACE","description":"Greater Region Artistic and Cultural Education","publisher":{"@id":"https:\/\/interreg-grace.eu\/de\/#organization"},"potentialAction":[{"@type":"SearchAction","target":{"@type":"EntryPoint","urlTemplate":"https:\/\/interreg-grace.eu\/de\/?s={search_term_string}"},"query-input":{"@type":"PropertyValueSpecification","valueRequired":true,"valueName":"search_term_string"}}],"inLanguage":"de"},{"@type":"Organization","@id":"https:\/\/interreg-grace.eu\/de\/#organization","name":"Interreg Grace","alternateName":"Greater Region Artistic and Cultural Education","url":"https:\/\/interreg-grace.eu\/de\/","logo":{"@type":"ImageObject","inLanguage":"de","@id":"https:\/\/interreg-grace.eu\/de\/#\/schema\/logo\/image\/","url":"https:\/\/interreg-grace.eu\/wp-content\/uploads\/2024\/08\/cropped-favicon-grace.webp","contentUrl":"https:\/\/interreg-grace.eu\/wp-content\/uploads\/2024\/08\/cropped-favicon-grace.webp","width":512,"height":512,"caption":"Interreg Grace"},"image":{"@id":"https:\/\/interreg-grace.eu\/de\/#\/schema\/logo\/image\/"},"sameAs":["https:\/\/www.linkedin.com\/company\/interreg-grace\/"]},{"@type":"Person","@id":"https:\/\/interreg-grace.eu\/de\/#\/schema\/person\/9808534836629993be91207896bb39dd","name":"Ville de Verviers","image":{"@type":"ImageObject","inLanguage":"de","@id":"https:\/\/secure.gravatar.com\/avatar\/6e24b70a759bb09a2aac1c0193edfabcde75a07419cd373c06535d96997fead5?s=96&d=mm&r=g","url":"https:\/\/secure.gravatar.com\/avatar\/6e24b70a759bb09a2aac1c0193edfabcde75a07419cd373c06535d96997fead5?s=96&d=mm&r=g","contentUrl":"https:\/\/secure.gravatar.com\/avatar\/6e24b70a759bb09a2aac1c0193edfabcde75a07419cd373c06535d96997fead5?s=96&d=mm&r=g","caption":"Ville de Verviers"}}]}},"_links":{"self":[{"href":"https:\/\/interreg-grace.eu\/de\/wp-json\/wp\/v2\/posts\/6234","targetHints":{"allow":["GET"]}}],"collection":[{"href":"https:\/\/interreg-grace.eu\/de\/wp-json\/wp\/v2\/posts"}],"about":[{"href":"https:\/\/interreg-grace.eu\/de\/wp-json\/wp\/v2\/types\/post"}],"author":[{"embeddable":true,"href":"https:\/\/interreg-grace.eu\/de\/wp-json\/wp\/v2\/users\/2"}],"replies":[{"embeddable":true,"href":"https:\/\/interreg-grace.eu\/de\/wp-json\/wp\/v2\/comments?post=6234"}],"version-history":[{"count":0,"href":"https:\/\/interreg-grace.eu\/de\/wp-json\/wp\/v2\/posts\/6234\/revisions"}],"wp:featuredmedia":[{"embeddable":true,"href":"https:\/\/interreg-grace.eu\/de\/wp-json\/wp\/v2\/media\/6220"}],"wp:attachment":[{"href":"https:\/\/interreg-grace.eu\/de\/wp-json\/wp\/v2\/media?parent=6234"}],"wp:term":[{"taxonomy":"category","embeddable":true,"href":"https:\/\/interreg-grace.eu\/de\/wp-json\/wp\/v2\/categories?post=6234"},{"taxonomy":"post_tag","embeddable":true,"href":"https:\/\/interreg-grace.eu\/de\/wp-json\/wp\/v2\/tags?post=6234"}],"curies":[{"name":"wp","href":"https:\/\/api.w.org\/{rel}","templated":true}]}}