{"id":5553,"date":"2024-11-05T16:04:07","date_gmt":"2024-11-05T15:04:07","guid":{"rendered":"https:\/\/interreg-grace.eu\/?p=5553"},"modified":"2024-11-05T16:11:05","modified_gmt":"2024-11-05T15:11:05","slug":"passages-transfestival-startet-die-zigzag-workshops","status":"publish","type":"post","link":"https:\/\/interreg-grace.eu\/de\/passages-transfestival-startet-die-zigzag-workshops\/","title":{"rendered":"Passages Transfestival startet die ZIGZAG-Workshops!"},"content":{"rendered":"<p><strong>ZIGZAG &#8211; Transdisziplin\u00e4re &amp; integrative Workshops<\/strong><\/p>\n<p>Passages Transfestival entwickelt in diesem Jahr ein neues, monatliches und wanderndes Treffen in Form von transdisziplin\u00e4ren &amp; inklusiven Workshops: <strong>ZIGZAG<\/strong>.<br \/>Die ZIGZAG-Workshops schaffen neue Verbindungen zwischen allen Besuchern und den eingeladenen K\u00fcnstlern der verschiedenen Ausgaben des Transfestivals durch immersive Sitzungen mit k\u00fcnstlerischen Praktiken.<\/p>\n<p><strong>Ab November 2024 l\u00e4dt ZIGZAG Sie jeden ersten Dienstag des Monats an einen einzigartigen Ort in Metz ein, um mit einem vom Transfestival eingeladenen K\u00fcnstler zu arbeiten. Diese transdisziplin\u00e4ren Workshops sind der DNA von Passages treu geblieben und haben auch eine integrative Dimension.<\/strong><\/p>\n<p>Jedes Atelier ist f\u00fcr m\u00f6glichst viele Menschen offen und experimentiert mit einem einzigartigen Konzept der Inklusivit\u00e4t: Vermischung der gesprochenen Sprachen, des Alters, der praktischen F\u00e4higkeiten, der psychischen oder physischen \u201eNormen\u201c&#8230; Um einen echten k\u00fcnstlerischen Entdeckungsparcours zu schaffen, wird das Publikum ausdr\u00fccklich dazu ermutigt, an mehreren Ateliers teilzunehmen. Kommen Sie und praktizieren und kreieren Sie rund um die Transdisziplinarit\u00e4t! <\/p>\n<p>&nbsp;<\/p>\n<p>Geb\u00fchr pro Sitzung :<\/p>\n<ul>\n<li><strong>Voller Preis 12\u20ac<\/strong><\/li>\n<li><strong>erm\u00e4\u00dfigter Tarif 8\u20ac<\/strong> &gt; Carte Grand.e Passager.e, Pass M, Mitglieder der Cit\u00e9 musicale-Metz, Arbeitssuchende, professionelle\/unabh\u00e4ngige K\u00fcnstler und Mitglieder der Maison des artistes.<\/li>\n<li><strong>Minitarif 5\u20ac<\/strong> &gt;Minitarif 5\u20ac &lt; encoded_tag_closed &gt; Unter 26 Jahren, Studenten, Fl\u00fcchtlinge, Bezieher von RSA und AAH (Beihilfe f\u00fcr behinderte Erwachsene), Inhaber der Carte Mobilit\u00e9 Inclusion (CMI) und Freiwillige des Passages Transfestival.<\/li>\n<\/ul>\n<p>Begrenzte Anzahl von Pl\u00e4tzen.<strong> Anmeldung<\/strong> \u00fcber <a href=\"https:\/\/passages-transfestival.mapado.com\/\">den Ticketverkauf<\/a> oder telefonisch unter (+33) 07 49 79 04 58 erforderlich.<\/p>\n","protected":false},"excerpt":{"rendered":"<p>ZIGZAG &#8211; Transdisziplin\u00e4re &amp; integrative Workshops Passages Transfestival entwickelt in  [&#8230;]<\/p>\n","protected":false},"author":2,"featured_media":5550,"comment_status":"open","ping_status":"open","sticky":false,"template":"","format":"standard","meta":{"_acf_changed":false,"footnotes":""},"categories":[108,103,87],"tags":[101,133],"class_list":["post-5553","post","type-post","status-publish","format-standard","has-post-thumbnail","hentry","category-darstellende-kunst","category-frankreich","category-unkategorisiert","tag-darstellende-kunst","tag-workshops"],"acf":[],"yoast_head":"<!-- This site is optimized with the Yoast SEO Premium plugin v24.7 (Yoast SEO v27.3) - https:\/\/yoast.com\/product\/yoast-seo-premium-wordpress\/ -->\n<title>Passages Transfestival startet die ZIGZAG-Workshops! - Projet GRACE<\/title>\n<meta name=\"description\" content=\"ZIGZAG, ein monatliches Treffen auf Wanderschaft in Form von k\u00fcnstlerischen, transdisziplin\u00e4ren und inklusiven Workshops.\" \/>\n<meta name=\"robots\" content=\"index, follow, max-snippet:-1, max-image-preview:large, max-video-preview:-1\" \/>\n<link rel=\"canonical\" href=\"https:\/\/interreg-grace.eu\/de\/passages-transfestival-startet-die-zigzag-workshops\/\" \/>\n<meta property=\"og:locale\" content=\"de_DE\" \/>\n<meta property=\"og:type\" content=\"article\" \/>\n<meta property=\"og:title\" content=\"Passages Transfestival startet die ZIGZAG-Workshops!\" \/>\n<meta property=\"og:description\" content=\"ZIGZAG, ein monatliches Treffen auf Wanderschaft in Form von k\u00fcnstlerischen, transdisziplin\u00e4ren und inklusiven Workshops.\" \/>\n<meta property=\"og:url\" content=\"https:\/\/interreg-grace.eu\/de\/passages-transfestival-startet-die-zigzag-workshops\/\" \/>\n<meta property=\"og:site_name\" content=\"Projet GRACE\" \/>\n<meta property=\"article:published_time\" content=\"2024-11-05T15:04:07+00:00\" \/>\n<meta property=\"article:modified_time\" content=\"2024-11-05T15:11:05+00:00\" \/>\n<meta property=\"og:image\" content=\"https:\/\/interreg-grace.eu\/wp-content\/uploads\/2024\/11\/ZIGZAG-PAssages.webp\" \/>\n\t<meta property=\"og:image:width\" content=\"1366\" \/>\n\t<meta property=\"og:image:height\" content=\"768\" \/>\n\t<meta property=\"og:image:type\" content=\"image\/webp\" \/>\n<meta name=\"author\" content=\"Ville de Verviers\" \/>\n<meta name=\"twitter:card\" content=\"summary_large_image\" \/>\n<meta name=\"twitter:label1\" content=\"Verfasst von\" \/>\n\t<meta name=\"twitter:data1\" content=\"Ville de Verviers\" \/>\n\t<meta name=\"twitter:label2\" content=\"Gesch\u00e4tzte Lesezeit\" \/>\n\t<meta name=\"twitter:data2\" content=\"1\u00a0Minute\" \/>\n<script type=\"application\/ld+json\" class=\"yoast-schema-graph\">{\"@context\":\"https:\\\/\\\/schema.org\",\"@graph\":[{\"@type\":\"Article\",\"@id\":\"https:\\\/\\\/interreg-grace.eu\\\/de\\\/passages-transfestival-startet-die-zigzag-workshops\\\/#article\",\"isPartOf\":{\"@id\":\"https:\\\/\\\/interreg-grace.eu\\\/de\\\/passages-transfestival-startet-die-zigzag-workshops\\\/\"},\"author\":{\"name\":\"Ville de Verviers\",\"@id\":\"https:\\\/\\\/interreg-grace.eu\\\/de\\\/#\\\/schema\\\/person\\\/9808534836629993be91207896bb39dd\"},\"headline\":\"Passages Transfestival startet die ZIGZAG-Workshops!\",\"datePublished\":\"2024-11-05T15:04:07+00:00\",\"dateModified\":\"2024-11-05T15:11:05+00:00\",\"mainEntityOfPage\":{\"@id\":\"https:\\\/\\\/interreg-grace.eu\\\/de\\\/passages-transfestival-startet-die-zigzag-workshops\\\/\"},\"wordCount\":249,\"commentCount\":0,\"publisher\":{\"@id\":\"https:\\\/\\\/interreg-grace.eu\\\/de\\\/#organization\"},\"image\":{\"@id\":\"https:\\\/\\\/interreg-grace.eu\\\/de\\\/passages-transfestival-startet-die-zigzag-workshops\\\/#primaryimage\"},\"thumbnailUrl\":\"https:\\\/\\\/interreg-grace.eu\\\/wp-content\\\/uploads\\\/2024\\\/11\\\/ZIGZAG-PAssages.webp\",\"keywords\":[\"Darstellende Kunst\",\"Workshops\"],\"articleSection\":[\"Darstellende Kunst\",\"Frankreich\",\"Unkategorisiert\"],\"inLanguage\":\"de\",\"potentialAction\":[{\"@type\":\"CommentAction\",\"name\":\"Comment\",\"target\":[\"https:\\\/\\\/interreg-grace.eu\\\/de\\\/passages-transfestival-startet-die-zigzag-workshops\\\/#respond\"]}]},{\"@type\":\"WebPage\",\"@id\":\"https:\\\/\\\/interreg-grace.eu\\\/de\\\/passages-transfestival-startet-die-zigzag-workshops\\\/\",\"url\":\"https:\\\/\\\/interreg-grace.eu\\\/de\\\/passages-transfestival-startet-die-zigzag-workshops\\\/\",\"name\":\"Passages Transfestival startet die ZIGZAG-Workshops! - Projet GRACE\",\"isPartOf\":{\"@id\":\"https:\\\/\\\/interreg-grace.eu\\\/de\\\/#website\"},\"primaryImageOfPage\":{\"@id\":\"https:\\\/\\\/interreg-grace.eu\\\/de\\\/passages-transfestival-startet-die-zigzag-workshops\\\/#primaryimage\"},\"image\":{\"@id\":\"https:\\\/\\\/interreg-grace.eu\\\/de\\\/passages-transfestival-startet-die-zigzag-workshops\\\/#primaryimage\"},\"thumbnailUrl\":\"https:\\\/\\\/interreg-grace.eu\\\/wp-content\\\/uploads\\\/2024\\\/11\\\/ZIGZAG-PAssages.webp\",\"datePublished\":\"2024-11-05T15:04:07+00:00\",\"dateModified\":\"2024-11-05T15:11:05+00:00\",\"description\":\"ZIGZAG, ein monatliches Treffen auf Wanderschaft in Form von k\u00fcnstlerischen, transdisziplin\u00e4ren und inklusiven Workshops.\",\"breadcrumb\":{\"@id\":\"https:\\\/\\\/interreg-grace.eu\\\/de\\\/passages-transfestival-startet-die-zigzag-workshops\\\/#breadcrumb\"},\"inLanguage\":\"de\",\"potentialAction\":[{\"@type\":\"ReadAction\",\"target\":[\"https:\\\/\\\/interreg-grace.eu\\\/de\\\/passages-transfestival-startet-die-zigzag-workshops\\\/\"]}]},{\"@type\":\"ImageObject\",\"inLanguage\":\"de\",\"@id\":\"https:\\\/\\\/interreg-grace.eu\\\/de\\\/passages-transfestival-startet-die-zigzag-workshops\\\/#primaryimage\",\"url\":\"https:\\\/\\\/interreg-grace.eu\\\/wp-content\\\/uploads\\\/2024\\\/11\\\/ZIGZAG-PAssages.webp\",\"contentUrl\":\"https:\\\/\\\/interreg-grace.eu\\\/wp-content\\\/uploads\\\/2024\\\/11\\\/ZIGZAG-PAssages.webp\",\"width\":1366,\"height\":768,\"caption\":\"ZIGZAG - Ateliers transdisciplinaires et inclusifs \u00a9Passages Transfestival\"},{\"@type\":\"BreadcrumbList\",\"@id\":\"https:\\\/\\\/interreg-grace.eu\\\/de\\\/passages-transfestival-startet-die-zigzag-workshops\\\/#breadcrumb\",\"itemListElement\":[{\"@type\":\"ListItem\",\"position\":1,\"name\":\"Accueil\",\"item\":\"https:\\\/\\\/interreg-grace.eu\\\/de\\\/\"},{\"@type\":\"ListItem\",\"position\":2,\"name\":\"Passages Transfestival startet die ZIGZAG-Workshops!\"}]},{\"@type\":\"WebSite\",\"@id\":\"https:\\\/\\\/interreg-grace.eu\\\/de\\\/#website\",\"url\":\"https:\\\/\\\/interreg-grace.eu\\\/de\\\/\",\"name\":\"Projet GRACE\",\"description\":\"Greater Region Artistic and Cultural Education\",\"publisher\":{\"@id\":\"https:\\\/\\\/interreg-grace.eu\\\/de\\\/#organization\"},\"potentialAction\":[{\"@type\":\"SearchAction\",\"target\":{\"@type\":\"EntryPoint\",\"urlTemplate\":\"https:\\\/\\\/interreg-grace.eu\\\/de\\\/?s={search_term_string}\"},\"query-input\":{\"@type\":\"PropertyValueSpecification\",\"valueRequired\":true,\"valueName\":\"search_term_string\"}}],\"inLanguage\":\"de\"},{\"@type\":\"Organization\",\"@id\":\"https:\\\/\\\/interreg-grace.eu\\\/de\\\/#organization\",\"name\":\"Interreg Grace\",\"alternateName\":\"Greater Region Artistic and Cultural Education\",\"url\":\"https:\\\/\\\/interreg-grace.eu\\\/de\\\/\",\"logo\":{\"@type\":\"ImageObject\",\"inLanguage\":\"de\",\"@id\":\"https:\\\/\\\/interreg-grace.eu\\\/de\\\/#\\\/schema\\\/logo\\\/image\\\/\",\"url\":\"https:\\\/\\\/interreg-grace.eu\\\/wp-content\\\/uploads\\\/2024\\\/08\\\/cropped-favicon-grace.webp\",\"contentUrl\":\"https:\\\/\\\/interreg-grace.eu\\\/wp-content\\\/uploads\\\/2024\\\/08\\\/cropped-favicon-grace.webp\",\"width\":512,\"height\":512,\"caption\":\"Interreg Grace\"},\"image\":{\"@id\":\"https:\\\/\\\/interreg-grace.eu\\\/de\\\/#\\\/schema\\\/logo\\\/image\\\/\"},\"sameAs\":[\"https:\\\/\\\/www.linkedin.com\\\/company\\\/interreg-grace\\\/\"]},{\"@type\":\"Person\",\"@id\":\"https:\\\/\\\/interreg-grace.eu\\\/de\\\/#\\\/schema\\\/person\\\/9808534836629993be91207896bb39dd\",\"name\":\"Ville de Verviers\",\"image\":{\"@type\":\"ImageObject\",\"inLanguage\":\"de\",\"@id\":\"https:\\\/\\\/secure.gravatar.com\\\/avatar\\\/6e24b70a759bb09a2aac1c0193edfabcde75a07419cd373c06535d96997fead5?s=96&d=mm&r=g\",\"url\":\"https:\\\/\\\/secure.gravatar.com\\\/avatar\\\/6e24b70a759bb09a2aac1c0193edfabcde75a07419cd373c06535d96997fead5?s=96&d=mm&r=g\",\"contentUrl\":\"https:\\\/\\\/secure.gravatar.com\\\/avatar\\\/6e24b70a759bb09a2aac1c0193edfabcde75a07419cd373c06535d96997fead5?s=96&d=mm&r=g\",\"caption\":\"Ville de Verviers\"}}]}<\/script>\n<!-- \/ Yoast SEO Premium plugin. -->","yoast_head_json":{"title":"Passages Transfestival startet die ZIGZAG-Workshops! - Projet GRACE","description":"ZIGZAG, ein monatliches Treffen auf Wanderschaft in Form von k\u00fcnstlerischen, transdisziplin\u00e4ren und inklusiven Workshops.","robots":{"index":"index","follow":"follow","max-snippet":"max-snippet:-1","max-image-preview":"max-image-preview:large","max-video-preview":"max-video-preview:-1"},"canonical":"https:\/\/interreg-grace.eu\/de\/passages-transfestival-startet-die-zigzag-workshops\/","og_locale":"de_DE","og_type":"article","og_title":"Passages Transfestival startet die ZIGZAG-Workshops!","og_description":"ZIGZAG, ein monatliches Treffen auf Wanderschaft in Form von k\u00fcnstlerischen, transdisziplin\u00e4ren und inklusiven Workshops.","og_url":"https:\/\/interreg-grace.eu\/de\/passages-transfestival-startet-die-zigzag-workshops\/","og_site_name":"Projet GRACE","article_published_time":"2024-11-05T15:04:07+00:00","article_modified_time":"2024-11-05T15:11:05+00:00","og_image":[{"width":1366,"height":768,"url":"https:\/\/interreg-grace.eu\/wp-content\/uploads\/2024\/11\/ZIGZAG-PAssages.webp","type":"image\/webp"}],"author":"Ville de Verviers","twitter_card":"summary_large_image","twitter_misc":{"Verfasst von":"Ville de Verviers","Gesch\u00e4tzte Lesezeit":"1\u00a0Minute"},"schema":{"@context":"https:\/\/schema.org","@graph":[{"@type":"Article","@id":"https:\/\/interreg-grace.eu\/de\/passages-transfestival-startet-die-zigzag-workshops\/#article","isPartOf":{"@id":"https:\/\/interreg-grace.eu\/de\/passages-transfestival-startet-die-zigzag-workshops\/"},"author":{"name":"Ville de Verviers","@id":"https:\/\/interreg-grace.eu\/de\/#\/schema\/person\/9808534836629993be91207896bb39dd"},"headline":"Passages Transfestival startet die ZIGZAG-Workshops!","datePublished":"2024-11-05T15:04:07+00:00","dateModified":"2024-11-05T15:11:05+00:00","mainEntityOfPage":{"@id":"https:\/\/interreg-grace.eu\/de\/passages-transfestival-startet-die-zigzag-workshops\/"},"wordCount":249,"commentCount":0,"publisher":{"@id":"https:\/\/interreg-grace.eu\/de\/#organization"},"image":{"@id":"https:\/\/interreg-grace.eu\/de\/passages-transfestival-startet-die-zigzag-workshops\/#primaryimage"},"thumbnailUrl":"https:\/\/interreg-grace.eu\/wp-content\/uploads\/2024\/11\/ZIGZAG-PAssages.webp","keywords":["Darstellende Kunst","Workshops"],"articleSection":["Darstellende Kunst","Frankreich","Unkategorisiert"],"inLanguage":"de","potentialAction":[{"@type":"CommentAction","name":"Comment","target":["https:\/\/interreg-grace.eu\/de\/passages-transfestival-startet-die-zigzag-workshops\/#respond"]}]},{"@type":"WebPage","@id":"https:\/\/interreg-grace.eu\/de\/passages-transfestival-startet-die-zigzag-workshops\/","url":"https:\/\/interreg-grace.eu\/de\/passages-transfestival-startet-die-zigzag-workshops\/","name":"Passages Transfestival startet die ZIGZAG-Workshops! - Projet GRACE","isPartOf":{"@id":"https:\/\/interreg-grace.eu\/de\/#website"},"primaryImageOfPage":{"@id":"https:\/\/interreg-grace.eu\/de\/passages-transfestival-startet-die-zigzag-workshops\/#primaryimage"},"image":{"@id":"https:\/\/interreg-grace.eu\/de\/passages-transfestival-startet-die-zigzag-workshops\/#primaryimage"},"thumbnailUrl":"https:\/\/interreg-grace.eu\/wp-content\/uploads\/2024\/11\/ZIGZAG-PAssages.webp","datePublished":"2024-11-05T15:04:07+00:00","dateModified":"2024-11-05T15:11:05+00:00","description":"ZIGZAG, ein monatliches Treffen auf Wanderschaft in Form von k\u00fcnstlerischen, transdisziplin\u00e4ren und inklusiven Workshops.","breadcrumb":{"@id":"https:\/\/interreg-grace.eu\/de\/passages-transfestival-startet-die-zigzag-workshops\/#breadcrumb"},"inLanguage":"de","potentialAction":[{"@type":"ReadAction","target":["https:\/\/interreg-grace.eu\/de\/passages-transfestival-startet-die-zigzag-workshops\/"]}]},{"@type":"ImageObject","inLanguage":"de","@id":"https:\/\/interreg-grace.eu\/de\/passages-transfestival-startet-die-zigzag-workshops\/#primaryimage","url":"https:\/\/interreg-grace.eu\/wp-content\/uploads\/2024\/11\/ZIGZAG-PAssages.webp","contentUrl":"https:\/\/interreg-grace.eu\/wp-content\/uploads\/2024\/11\/ZIGZAG-PAssages.webp","width":1366,"height":768,"caption":"ZIGZAG - Ateliers transdisciplinaires et inclusifs \u00a9Passages Transfestival"},{"@type":"BreadcrumbList","@id":"https:\/\/interreg-grace.eu\/de\/passages-transfestival-startet-die-zigzag-workshops\/#breadcrumb","itemListElement":[{"@type":"ListItem","position":1,"name":"Accueil","item":"https:\/\/interreg-grace.eu\/de\/"},{"@type":"ListItem","position":2,"name":"Passages Transfestival startet die ZIGZAG-Workshops!"}]},{"@type":"WebSite","@id":"https:\/\/interreg-grace.eu\/de\/#website","url":"https:\/\/interreg-grace.eu\/de\/","name":"Projet GRACE","description":"Greater Region Artistic and Cultural Education","publisher":{"@id":"https:\/\/interreg-grace.eu\/de\/#organization"},"potentialAction":[{"@type":"SearchAction","target":{"@type":"EntryPoint","urlTemplate":"https:\/\/interreg-grace.eu\/de\/?s={search_term_string}"},"query-input":{"@type":"PropertyValueSpecification","valueRequired":true,"valueName":"search_term_string"}}],"inLanguage":"de"},{"@type":"Organization","@id":"https:\/\/interreg-grace.eu\/de\/#organization","name":"Interreg Grace","alternateName":"Greater Region Artistic and Cultural Education","url":"https:\/\/interreg-grace.eu\/de\/","logo":{"@type":"ImageObject","inLanguage":"de","@id":"https:\/\/interreg-grace.eu\/de\/#\/schema\/logo\/image\/","url":"https:\/\/interreg-grace.eu\/wp-content\/uploads\/2024\/08\/cropped-favicon-grace.webp","contentUrl":"https:\/\/interreg-grace.eu\/wp-content\/uploads\/2024\/08\/cropped-favicon-grace.webp","width":512,"height":512,"caption":"Interreg Grace"},"image":{"@id":"https:\/\/interreg-grace.eu\/de\/#\/schema\/logo\/image\/"},"sameAs":["https:\/\/www.linkedin.com\/company\/interreg-grace\/"]},{"@type":"Person","@id":"https:\/\/interreg-grace.eu\/de\/#\/schema\/person\/9808534836629993be91207896bb39dd","name":"Ville de Verviers","image":{"@type":"ImageObject","inLanguage":"de","@id":"https:\/\/secure.gravatar.com\/avatar\/6e24b70a759bb09a2aac1c0193edfabcde75a07419cd373c06535d96997fead5?s=96&d=mm&r=g","url":"https:\/\/secure.gravatar.com\/avatar\/6e24b70a759bb09a2aac1c0193edfabcde75a07419cd373c06535d96997fead5?s=96&d=mm&r=g","contentUrl":"https:\/\/secure.gravatar.com\/avatar\/6e24b70a759bb09a2aac1c0193edfabcde75a07419cd373c06535d96997fead5?s=96&d=mm&r=g","caption":"Ville de Verviers"}}]}},"_links":{"self":[{"href":"https:\/\/interreg-grace.eu\/de\/wp-json\/wp\/v2\/posts\/5553","targetHints":{"allow":["GET"]}}],"collection":[{"href":"https:\/\/interreg-grace.eu\/de\/wp-json\/wp\/v2\/posts"}],"about":[{"href":"https:\/\/interreg-grace.eu\/de\/wp-json\/wp\/v2\/types\/post"}],"author":[{"embeddable":true,"href":"https:\/\/interreg-grace.eu\/de\/wp-json\/wp\/v2\/users\/2"}],"replies":[{"embeddable":true,"href":"https:\/\/interreg-grace.eu\/de\/wp-json\/wp\/v2\/comments?post=5553"}],"version-history":[{"count":1,"href":"https:\/\/interreg-grace.eu\/de\/wp-json\/wp\/v2\/posts\/5553\/revisions"}],"predecessor-version":[{"id":5554,"href":"https:\/\/interreg-grace.eu\/de\/wp-json\/wp\/v2\/posts\/5553\/revisions\/5554"}],"wp:featuredmedia":[{"embeddable":true,"href":"https:\/\/interreg-grace.eu\/de\/wp-json\/wp\/v2\/media\/5550"}],"wp:attachment":[{"href":"https:\/\/interreg-grace.eu\/de\/wp-json\/wp\/v2\/media?parent=5553"}],"wp:term":[{"taxonomy":"category","embeddable":true,"href":"https:\/\/interreg-grace.eu\/de\/wp-json\/wp\/v2\/categories?post=5553"},{"taxonomy":"post_tag","embeddable":true,"href":"https:\/\/interreg-grace.eu\/de\/wp-json\/wp\/v2\/tags?post=5553"}],"curies":[{"name":"wp","href":"https:\/\/api.w.org\/{rel}","templated":true}]}}