{"id":5138,"date":"2024-09-30T11:07:13","date_gmt":"2024-09-30T09:07:13","guid":{"rendered":"https:\/\/interreg-grace.esiweb.pro\/11-truppe-der-darstellende-kuenste-die-ab-2024-vom-grace-netzwerk-der-programmgestalter-aufgenommen-werden\/"},"modified":"2024-10-03T15:14:09","modified_gmt":"2024-10-03T13:14:09","slug":"11-truppe-der-darstellende-kuenste-die-ab-2024-vom-grace-netzwerk-der-programmgestalter-aufgenommen-werden","status":"publish","type":"post","link":"https:\/\/interreg-grace.eu\/de\/11-truppe-der-darstellende-kuenste-die-ab-2024-vom-grace-netzwerk-der-programmgestalter-aufgenommen-werden\/","title":{"rendered":"11 Truppe der darstellende K\u00fcnste, die ab 2024 vom GRACE-Netzwerk der Programmgestalter aufgenommen werden"},"content":{"rendered":"<p>9 Truppe werden in der Spielzeit 2024-2025 in der Gro\u00dfregion Residenzen einrichten und Auff\u00fchrungen durchf\u00fchren, die von Ma\u00dfnahmen zur k\u00fcnstlerischen Bildung begleitet werden: <\/p>\n<ul class=\"last-child\">\n<li><a href=\"https:\/\/compagnielek.fr\/\" target=\"_blank\" rel=\"noopener\">Cie Le K<\/a> &#8211; Simon Falgui\u00e8res<\/li>\n<li><a href=\"http:\/\/www.altermachine.fr\/yuval-rozman-cie-inta-loulou\" target=\"_blank\" rel=\"noopener\">Cie Inta Loulou<\/a> &#8211; Yuval Rozman<\/li>\n<li><a href=\"https:\/\/cietoutvabien.com\/\" target=\"_blank\" rel=\"noopener\">Cie Tout va bien<\/a> &#8211; Virginie Marouz\u00e9<\/li>\n<li><a href=\"https:\/\/www.ruebranly.com\/lara-barsacq-fr\" target=\"_blank\" rel=\"noopener\">Lara Barsacq<\/a><\/li>\n<li><a href=\"https:\/\/www.fluxus-incubateur.fr\/projets\/heads-up\/\" target=\"_blank\" rel=\"noopener\">Cie Heads up<\/a> &#8211; Avildseen Bheekhoo<\/li>\n<li><a href=\"https:\/\/www.imera.fr\/chercheur\/arnal-burtschy-eric\/\" target=\"_blank\" rel=\"noopener\">Eric Arnal-Burtschy<\/a><\/li>\n<li><a href=\"https:\/\/www.espacejungle.com\/About-ERSATZ\" target=\"_blank\" rel=\"noopener\">Collectif Ersatz<\/a> &#8211; Camille Panza<\/li>\n<li><a href=\"https:\/\/www.david-rolland.com\/\" target=\"_blank\" rel=\"noopener\">David Rolland Chor\u00e9graphies<\/a><\/li>\n<li><a href=\"https:\/\/www.lacomediedereims.fr\/artistes\/chloe-dabert\" target=\"_blank\" rel=\"noopener\">Chlo\u00e9 Dabert<\/a><\/li>\n<\/ul>\n<p> Sie bieten beispielhafte Vorkehrungen, um mit behinderten Menschen zu arbeiten, isolierten oder ausgegrenzten Menschen eine Stimme zu geben, partizipative Projekte zu entwickeln, die das Publikum in ihren kreativen Prozess einbeziehen, oder das Publikum durch neuartige Inszenierungsinstrumente und -vorkehrungen in das Werk einzubeziehen. <\/p>\n<p class=\"last-child\">Mehrere von ihnen haben ihre Erfahrungen bei den Fachtreffen von Passages (Exit Expresso am 17. Mai) geteilt oder werden im November an den Fachtreffen des Festivals Impact in L\u00fcttich teilnehmen.<\/p>\n<p> En outre, 2 compagnies jeune public sont accueillies en 2024 au sein du r\u00e9seau GRACE pour des r\u00e9sidences et des repr\u00e9sentations accompagn\u00e9es de dispositifs d\u2019\u00e9veil artistique pour les tout-petits : la compagnie luxembourgeoise <a href=\"https:\/\/www.corpsinsitu.com\/\" target=\"_blank\" rel=\"noopener\"><em>Corps In Situ<\/em><\/a> (chor\u00e9graphe : Jennifer Gohier) et la compagnie belge <a href=\"https:\/\/www.klankennest.be\/fr\/\"><em>Klankennest<\/em><\/a><em>.<\/em>  <\/p>\n","protected":false},"excerpt":{"rendered":"<p>9 Truppe werden in der Spielzeit 2024-2025 in der Gro\u00dfregion  [&#8230;]<\/p>\n","protected":false},"author":3,"featured_media":5057,"comment_status":"open","ping_status":"open","sticky":false,"template":"","format":"standard","meta":{"_acf_changed":false,"footnotes":""},"categories":[104,108,102,103,105],"tags":[],"class_list":["post-5138","post","type-post","status-publish","format-standard","has-post-thumbnail","hentry","category-belgien","category-darstellende-kunst","category-deutschland","category-frankreich","category-luxemburg"],"acf":[],"yoast_head":"<!-- This site is optimized with the Yoast SEO Premium plugin v24.7 (Yoast SEO v27.3) - https:\/\/yoast.com\/product\/yoast-seo-premium-wordpress\/ -->\n<title>11 Truppe der darstellende K\u00fcnste, die ab 2024 vom GRACE-Netzwerk der Programmgestalter aufgenommen werden - Projet GRACE<\/title>\n<meta name=\"robots\" content=\"index, follow, max-snippet:-1, max-image-preview:large, max-video-preview:-1\" \/>\n<link rel=\"canonical\" href=\"https:\/\/interreg-grace.eu\/de\/11-truppe-der-darstellende-kuenste-die-ab-2024-vom-grace-netzwerk-der-programmgestalter-aufgenommen-werden\/\" \/>\n<meta property=\"og:locale\" content=\"de_DE\" \/>\n<meta property=\"og:type\" content=\"article\" \/>\n<meta property=\"og:title\" content=\"11 Truppe der darstellende K\u00fcnste, die ab 2024 vom GRACE-Netzwerk der Programmgestalter aufgenommen werden\" \/>\n<meta property=\"og:description\" content=\"9 Truppe werden in der Spielzeit 2024-2025 in der Gro\u00dfregion [...]\" \/>\n<meta property=\"og:url\" content=\"https:\/\/interreg-grace.eu\/de\/11-truppe-der-darstellende-kuenste-die-ab-2024-vom-grace-netzwerk-der-programmgestalter-aufgenommen-werden\/\" \/>\n<meta property=\"og:site_name\" content=\"Projet GRACE\" \/>\n<meta property=\"article:published_time\" content=\"2024-09-30T09:07:13+00:00\" \/>\n<meta property=\"article:modified_time\" content=\"2024-10-03T13:14:09+00:00\" \/>\n<meta property=\"og:image\" content=\"https:\/\/interreg-grace.eu\/wp-content\/uploads\/2024\/09\/74ee848d-7873-9095-2de2-b98b5c48e275-1024x560.png\" \/>\n\t<meta property=\"og:image:width\" content=\"1024\" \/>\n\t<meta property=\"og:image:height\" content=\"560\" \/>\n\t<meta property=\"og:image:type\" content=\"image\/png\" \/>\n<meta name=\"author\" content=\"Ville de Metz\" \/>\n<meta name=\"twitter:card\" content=\"summary_large_image\" \/>\n<meta name=\"twitter:label1\" content=\"Verfasst von\" \/>\n\t<meta name=\"twitter:data1\" content=\"Ville de Metz\" \/>\n\t<meta name=\"twitter:label2\" content=\"Gesch\u00e4tzte Lesezeit\" \/>\n\t<meta name=\"twitter:data2\" content=\"1\u00a0Minute\" \/>\n<script type=\"application\/ld+json\" class=\"yoast-schema-graph\">{\"@context\":\"https:\\\/\\\/schema.org\",\"@graph\":[{\"@type\":\"Article\",\"@id\":\"https:\\\/\\\/interreg-grace.eu\\\/de\\\/11-truppe-der-darstellende-kuenste-die-ab-2024-vom-grace-netzwerk-der-programmgestalter-aufgenommen-werden\\\/#article\",\"isPartOf\":{\"@id\":\"https:\\\/\\\/interreg-grace.eu\\\/de\\\/11-truppe-der-darstellende-kuenste-die-ab-2024-vom-grace-netzwerk-der-programmgestalter-aufgenommen-werden\\\/\"},\"author\":{\"name\":\"Ville de Metz\",\"@id\":\"https:\\\/\\\/interreg-grace.eu\\\/de\\\/#\\\/schema\\\/person\\\/ccc2374cd4aafa848b195af2f58da273\"},\"headline\":\"11 Truppe der darstellende K\u00fcnste, die ab 2024 vom GRACE-Netzwerk der Programmgestalter aufgenommen werden\",\"datePublished\":\"2024-09-30T09:07:13+00:00\",\"dateModified\":\"2024-10-03T13:14:09+00:00\",\"mainEntityOfPage\":{\"@id\":\"https:\\\/\\\/interreg-grace.eu\\\/de\\\/11-truppe-der-darstellende-kuenste-die-ab-2024-vom-grace-netzwerk-der-programmgestalter-aufgenommen-werden\\\/\"},\"wordCount\":200,\"commentCount\":0,\"publisher\":{\"@id\":\"https:\\\/\\\/interreg-grace.eu\\\/de\\\/#organization\"},\"image\":{\"@id\":\"https:\\\/\\\/interreg-grace.eu\\\/de\\\/11-truppe-der-darstellende-kuenste-die-ab-2024-vom-grace-netzwerk-der-programmgestalter-aufgenommen-werden\\\/#primaryimage\"},\"thumbnailUrl\":\"https:\\\/\\\/interreg-grace.eu\\\/wp-content\\\/uploads\\\/2024\\\/09\\\/74ee848d-7873-9095-2de2-b98b5c48e275.png\",\"articleSection\":[\"Belgien\",\"Darstellende Kunst\",\"Deutschland\",\"Frankreich\",\"Luxemburg\"],\"inLanguage\":\"de\",\"potentialAction\":[{\"@type\":\"CommentAction\",\"name\":\"Comment\",\"target\":[\"https:\\\/\\\/interreg-grace.eu\\\/de\\\/11-truppe-der-darstellende-kuenste-die-ab-2024-vom-grace-netzwerk-der-programmgestalter-aufgenommen-werden\\\/#respond\"]}]},{\"@type\":\"WebPage\",\"@id\":\"https:\\\/\\\/interreg-grace.eu\\\/de\\\/11-truppe-der-darstellende-kuenste-die-ab-2024-vom-grace-netzwerk-der-programmgestalter-aufgenommen-werden\\\/\",\"url\":\"https:\\\/\\\/interreg-grace.eu\\\/de\\\/11-truppe-der-darstellende-kuenste-die-ab-2024-vom-grace-netzwerk-der-programmgestalter-aufgenommen-werden\\\/\",\"name\":\"11 Truppe der darstellende K\u00fcnste, die ab 2024 vom GRACE-Netzwerk der Programmgestalter aufgenommen werden - Projet GRACE\",\"isPartOf\":{\"@id\":\"https:\\\/\\\/interreg-grace.eu\\\/de\\\/#website\"},\"primaryImageOfPage\":{\"@id\":\"https:\\\/\\\/interreg-grace.eu\\\/de\\\/11-truppe-der-darstellende-kuenste-die-ab-2024-vom-grace-netzwerk-der-programmgestalter-aufgenommen-werden\\\/#primaryimage\"},\"image\":{\"@id\":\"https:\\\/\\\/interreg-grace.eu\\\/de\\\/11-truppe-der-darstellende-kuenste-die-ab-2024-vom-grace-netzwerk-der-programmgestalter-aufgenommen-werden\\\/#primaryimage\"},\"thumbnailUrl\":\"https:\\\/\\\/interreg-grace.eu\\\/wp-content\\\/uploads\\\/2024\\\/09\\\/74ee848d-7873-9095-2de2-b98b5c48e275.png\",\"datePublished\":\"2024-09-30T09:07:13+00:00\",\"dateModified\":\"2024-10-03T13:14:09+00:00\",\"breadcrumb\":{\"@id\":\"https:\\\/\\\/interreg-grace.eu\\\/de\\\/11-truppe-der-darstellende-kuenste-die-ab-2024-vom-grace-netzwerk-der-programmgestalter-aufgenommen-werden\\\/#breadcrumb\"},\"inLanguage\":\"de\",\"potentialAction\":[{\"@type\":\"ReadAction\",\"target\":[\"https:\\\/\\\/interreg-grace.eu\\\/de\\\/11-truppe-der-darstellende-kuenste-die-ab-2024-vom-grace-netzwerk-der-programmgestalter-aufgenommen-werden\\\/\"]}]},{\"@type\":\"ImageObject\",\"inLanguage\":\"de\",\"@id\":\"https:\\\/\\\/interreg-grace.eu\\\/de\\\/11-truppe-der-darstellende-kuenste-die-ab-2024-vom-grace-netzwerk-der-programmgestalter-aufgenommen-werden\\\/#primaryimage\",\"url\":\"https:\\\/\\\/interreg-grace.eu\\\/wp-content\\\/uploads\\\/2024\\\/09\\\/74ee848d-7873-9095-2de2-b98b5c48e275.png\",\"contentUrl\":\"https:\\\/\\\/interreg-grace.eu\\\/wp-content\\\/uploads\\\/2024\\\/09\\\/74ee848d-7873-9095-2de2-b98b5c48e275.png\",\"width\":1894,\"height\":1035,\"caption\":\"\u00a9Kalimba - Happy Manif\"},{\"@type\":\"BreadcrumbList\",\"@id\":\"https:\\\/\\\/interreg-grace.eu\\\/de\\\/11-truppe-der-darstellende-kuenste-die-ab-2024-vom-grace-netzwerk-der-programmgestalter-aufgenommen-werden\\\/#breadcrumb\",\"itemListElement\":[{\"@type\":\"ListItem\",\"position\":1,\"name\":\"Accueil\",\"item\":\"https:\\\/\\\/interreg-grace.eu\\\/de\\\/\"},{\"@type\":\"ListItem\",\"position\":2,\"name\":\"11 Truppe der darstellende K\u00fcnste, die ab 2024 vom GRACE-Netzwerk der Programmgestalter aufgenommen werden\"}]},{\"@type\":\"WebSite\",\"@id\":\"https:\\\/\\\/interreg-grace.eu\\\/de\\\/#website\",\"url\":\"https:\\\/\\\/interreg-grace.eu\\\/de\\\/\",\"name\":\"Projet GRACE\",\"description\":\"Greater Region Artistic and Cultural Education\",\"publisher\":{\"@id\":\"https:\\\/\\\/interreg-grace.eu\\\/de\\\/#organization\"},\"potentialAction\":[{\"@type\":\"SearchAction\",\"target\":{\"@type\":\"EntryPoint\",\"urlTemplate\":\"https:\\\/\\\/interreg-grace.eu\\\/de\\\/?s={search_term_string}\"},\"query-input\":{\"@type\":\"PropertyValueSpecification\",\"valueRequired\":true,\"valueName\":\"search_term_string\"}}],\"inLanguage\":\"de\"},{\"@type\":\"Organization\",\"@id\":\"https:\\\/\\\/interreg-grace.eu\\\/de\\\/#organization\",\"name\":\"Interreg Grace\",\"alternateName\":\"Greater Region Artistic and Cultural Education\",\"url\":\"https:\\\/\\\/interreg-grace.eu\\\/de\\\/\",\"logo\":{\"@type\":\"ImageObject\",\"inLanguage\":\"de\",\"@id\":\"https:\\\/\\\/interreg-grace.eu\\\/de\\\/#\\\/schema\\\/logo\\\/image\\\/\",\"url\":\"https:\\\/\\\/interreg-grace.eu\\\/wp-content\\\/uploads\\\/2024\\\/08\\\/cropped-favicon-grace.webp\",\"contentUrl\":\"https:\\\/\\\/interreg-grace.eu\\\/wp-content\\\/uploads\\\/2024\\\/08\\\/cropped-favicon-grace.webp\",\"width\":512,\"height\":512,\"caption\":\"Interreg Grace\"},\"image\":{\"@id\":\"https:\\\/\\\/interreg-grace.eu\\\/de\\\/#\\\/schema\\\/logo\\\/image\\\/\"},\"sameAs\":[\"https:\\\/\\\/www.linkedin.com\\\/company\\\/interreg-grace\\\/\"]},{\"@type\":\"Person\",\"@id\":\"https:\\\/\\\/interreg-grace.eu\\\/de\\\/#\\\/schema\\\/person\\\/ccc2374cd4aafa848b195af2f58da273\",\"name\":\"Ville de Metz\",\"image\":{\"@type\":\"ImageObject\",\"inLanguage\":\"de\",\"@id\":\"https:\\\/\\\/secure.gravatar.com\\\/avatar\\\/c73302162b144d30e6007a894a7137797ba0b5d7099a990dd5875641b83c0287?s=96&d=mm&r=g\",\"url\":\"https:\\\/\\\/secure.gravatar.com\\\/avatar\\\/c73302162b144d30e6007a894a7137797ba0b5d7099a990dd5875641b83c0287?s=96&d=mm&r=g\",\"contentUrl\":\"https:\\\/\\\/secure.gravatar.com\\\/avatar\\\/c73302162b144d30e6007a894a7137797ba0b5d7099a990dd5875641b83c0287?s=96&d=mm&r=g\",\"caption\":\"Ville de Metz\"}}]}<\/script>\n<!-- \/ Yoast SEO Premium plugin. -->","yoast_head_json":{"title":"11 Truppe der darstellende K\u00fcnste, die ab 2024 vom GRACE-Netzwerk der Programmgestalter aufgenommen werden - Projet GRACE","robots":{"index":"index","follow":"follow","max-snippet":"max-snippet:-1","max-image-preview":"max-image-preview:large","max-video-preview":"max-video-preview:-1"},"canonical":"https:\/\/interreg-grace.eu\/de\/11-truppe-der-darstellende-kuenste-die-ab-2024-vom-grace-netzwerk-der-programmgestalter-aufgenommen-werden\/","og_locale":"de_DE","og_type":"article","og_title":"11 Truppe der darstellende K\u00fcnste, die ab 2024 vom GRACE-Netzwerk der Programmgestalter aufgenommen werden","og_description":"9 Truppe werden in der Spielzeit 2024-2025 in der Gro\u00dfregion [...]","og_url":"https:\/\/interreg-grace.eu\/de\/11-truppe-der-darstellende-kuenste-die-ab-2024-vom-grace-netzwerk-der-programmgestalter-aufgenommen-werden\/","og_site_name":"Projet GRACE","article_published_time":"2024-09-30T09:07:13+00:00","article_modified_time":"2024-10-03T13:14:09+00:00","og_image":[{"width":1024,"height":560,"url":"https:\/\/interreg-grace.eu\/wp-content\/uploads\/2024\/09\/74ee848d-7873-9095-2de2-b98b5c48e275-1024x560.png","type":"image\/png"}],"author":"Ville de Metz","twitter_card":"summary_large_image","twitter_misc":{"Verfasst von":"Ville de Metz","Gesch\u00e4tzte Lesezeit":"1\u00a0Minute"},"schema":{"@context":"https:\/\/schema.org","@graph":[{"@type":"Article","@id":"https:\/\/interreg-grace.eu\/de\/11-truppe-der-darstellende-kuenste-die-ab-2024-vom-grace-netzwerk-der-programmgestalter-aufgenommen-werden\/#article","isPartOf":{"@id":"https:\/\/interreg-grace.eu\/de\/11-truppe-der-darstellende-kuenste-die-ab-2024-vom-grace-netzwerk-der-programmgestalter-aufgenommen-werden\/"},"author":{"name":"Ville de Metz","@id":"https:\/\/interreg-grace.eu\/de\/#\/schema\/person\/ccc2374cd4aafa848b195af2f58da273"},"headline":"11 Truppe der darstellende K\u00fcnste, die ab 2024 vom GRACE-Netzwerk der Programmgestalter aufgenommen werden","datePublished":"2024-09-30T09:07:13+00:00","dateModified":"2024-10-03T13:14:09+00:00","mainEntityOfPage":{"@id":"https:\/\/interreg-grace.eu\/de\/11-truppe-der-darstellende-kuenste-die-ab-2024-vom-grace-netzwerk-der-programmgestalter-aufgenommen-werden\/"},"wordCount":200,"commentCount":0,"publisher":{"@id":"https:\/\/interreg-grace.eu\/de\/#organization"},"image":{"@id":"https:\/\/interreg-grace.eu\/de\/11-truppe-der-darstellende-kuenste-die-ab-2024-vom-grace-netzwerk-der-programmgestalter-aufgenommen-werden\/#primaryimage"},"thumbnailUrl":"https:\/\/interreg-grace.eu\/wp-content\/uploads\/2024\/09\/74ee848d-7873-9095-2de2-b98b5c48e275.png","articleSection":["Belgien","Darstellende Kunst","Deutschland","Frankreich","Luxemburg"],"inLanguage":"de","potentialAction":[{"@type":"CommentAction","name":"Comment","target":["https:\/\/interreg-grace.eu\/de\/11-truppe-der-darstellende-kuenste-die-ab-2024-vom-grace-netzwerk-der-programmgestalter-aufgenommen-werden\/#respond"]}]},{"@type":"WebPage","@id":"https:\/\/interreg-grace.eu\/de\/11-truppe-der-darstellende-kuenste-die-ab-2024-vom-grace-netzwerk-der-programmgestalter-aufgenommen-werden\/","url":"https:\/\/interreg-grace.eu\/de\/11-truppe-der-darstellende-kuenste-die-ab-2024-vom-grace-netzwerk-der-programmgestalter-aufgenommen-werden\/","name":"11 Truppe der darstellende K\u00fcnste, die ab 2024 vom GRACE-Netzwerk der Programmgestalter aufgenommen werden - Projet GRACE","isPartOf":{"@id":"https:\/\/interreg-grace.eu\/de\/#website"},"primaryImageOfPage":{"@id":"https:\/\/interreg-grace.eu\/de\/11-truppe-der-darstellende-kuenste-die-ab-2024-vom-grace-netzwerk-der-programmgestalter-aufgenommen-werden\/#primaryimage"},"image":{"@id":"https:\/\/interreg-grace.eu\/de\/11-truppe-der-darstellende-kuenste-die-ab-2024-vom-grace-netzwerk-der-programmgestalter-aufgenommen-werden\/#primaryimage"},"thumbnailUrl":"https:\/\/interreg-grace.eu\/wp-content\/uploads\/2024\/09\/74ee848d-7873-9095-2de2-b98b5c48e275.png","datePublished":"2024-09-30T09:07:13+00:00","dateModified":"2024-10-03T13:14:09+00:00","breadcrumb":{"@id":"https:\/\/interreg-grace.eu\/de\/11-truppe-der-darstellende-kuenste-die-ab-2024-vom-grace-netzwerk-der-programmgestalter-aufgenommen-werden\/#breadcrumb"},"inLanguage":"de","potentialAction":[{"@type":"ReadAction","target":["https:\/\/interreg-grace.eu\/de\/11-truppe-der-darstellende-kuenste-die-ab-2024-vom-grace-netzwerk-der-programmgestalter-aufgenommen-werden\/"]}]},{"@type":"ImageObject","inLanguage":"de","@id":"https:\/\/interreg-grace.eu\/de\/11-truppe-der-darstellende-kuenste-die-ab-2024-vom-grace-netzwerk-der-programmgestalter-aufgenommen-werden\/#primaryimage","url":"https:\/\/interreg-grace.eu\/wp-content\/uploads\/2024\/09\/74ee848d-7873-9095-2de2-b98b5c48e275.png","contentUrl":"https:\/\/interreg-grace.eu\/wp-content\/uploads\/2024\/09\/74ee848d-7873-9095-2de2-b98b5c48e275.png","width":1894,"height":1035,"caption":"\u00a9Kalimba - Happy Manif"},{"@type":"BreadcrumbList","@id":"https:\/\/interreg-grace.eu\/de\/11-truppe-der-darstellende-kuenste-die-ab-2024-vom-grace-netzwerk-der-programmgestalter-aufgenommen-werden\/#breadcrumb","itemListElement":[{"@type":"ListItem","position":1,"name":"Accueil","item":"https:\/\/interreg-grace.eu\/de\/"},{"@type":"ListItem","position":2,"name":"11 Truppe der darstellende K\u00fcnste, die ab 2024 vom GRACE-Netzwerk der Programmgestalter aufgenommen werden"}]},{"@type":"WebSite","@id":"https:\/\/interreg-grace.eu\/de\/#website","url":"https:\/\/interreg-grace.eu\/de\/","name":"Projet GRACE","description":"Greater Region Artistic and Cultural Education","publisher":{"@id":"https:\/\/interreg-grace.eu\/de\/#organization"},"potentialAction":[{"@type":"SearchAction","target":{"@type":"EntryPoint","urlTemplate":"https:\/\/interreg-grace.eu\/de\/?s={search_term_string}"},"query-input":{"@type":"PropertyValueSpecification","valueRequired":true,"valueName":"search_term_string"}}],"inLanguage":"de"},{"@type":"Organization","@id":"https:\/\/interreg-grace.eu\/de\/#organization","name":"Interreg Grace","alternateName":"Greater Region Artistic and Cultural Education","url":"https:\/\/interreg-grace.eu\/de\/","logo":{"@type":"ImageObject","inLanguage":"de","@id":"https:\/\/interreg-grace.eu\/de\/#\/schema\/logo\/image\/","url":"https:\/\/interreg-grace.eu\/wp-content\/uploads\/2024\/08\/cropped-favicon-grace.webp","contentUrl":"https:\/\/interreg-grace.eu\/wp-content\/uploads\/2024\/08\/cropped-favicon-grace.webp","width":512,"height":512,"caption":"Interreg Grace"},"image":{"@id":"https:\/\/interreg-grace.eu\/de\/#\/schema\/logo\/image\/"},"sameAs":["https:\/\/www.linkedin.com\/company\/interreg-grace\/"]},{"@type":"Person","@id":"https:\/\/interreg-grace.eu\/de\/#\/schema\/person\/ccc2374cd4aafa848b195af2f58da273","name":"Ville de Metz","image":{"@type":"ImageObject","inLanguage":"de","@id":"https:\/\/secure.gravatar.com\/avatar\/c73302162b144d30e6007a894a7137797ba0b5d7099a990dd5875641b83c0287?s=96&d=mm&r=g","url":"https:\/\/secure.gravatar.com\/avatar\/c73302162b144d30e6007a894a7137797ba0b5d7099a990dd5875641b83c0287?s=96&d=mm&r=g","contentUrl":"https:\/\/secure.gravatar.com\/avatar\/c73302162b144d30e6007a894a7137797ba0b5d7099a990dd5875641b83c0287?s=96&d=mm&r=g","caption":"Ville de Metz"}}]}},"_links":{"self":[{"href":"https:\/\/interreg-grace.eu\/de\/wp-json\/wp\/v2\/posts\/5138","targetHints":{"allow":["GET"]}}],"collection":[{"href":"https:\/\/interreg-grace.eu\/de\/wp-json\/wp\/v2\/posts"}],"about":[{"href":"https:\/\/interreg-grace.eu\/de\/wp-json\/wp\/v2\/types\/post"}],"author":[{"embeddable":true,"href":"https:\/\/interreg-grace.eu\/de\/wp-json\/wp\/v2\/users\/3"}],"replies":[{"embeddable":true,"href":"https:\/\/interreg-grace.eu\/de\/wp-json\/wp\/v2\/comments?post=5138"}],"version-history":[{"count":1,"href":"https:\/\/interreg-grace.eu\/de\/wp-json\/wp\/v2\/posts\/5138\/revisions"}],"predecessor-version":[{"id":5253,"href":"https:\/\/interreg-grace.eu\/de\/wp-json\/wp\/v2\/posts\/5138\/revisions\/5253"}],"wp:featuredmedia":[{"embeddable":true,"href":"https:\/\/interreg-grace.eu\/de\/wp-json\/wp\/v2\/media\/5057"}],"wp:attachment":[{"href":"https:\/\/interreg-grace.eu\/de\/wp-json\/wp\/v2\/media?parent=5138"}],"wp:term":[{"taxonomy":"category","embeddable":true,"href":"https:\/\/interreg-grace.eu\/de\/wp-json\/wp\/v2\/categories?post=5138"},{"taxonomy":"post_tag","embeddable":true,"href":"https:\/\/interreg-grace.eu\/de\/wp-json\/wp\/v2\/tags?post=5138"}],"curies":[{"name":"wp","href":"https:\/\/api.w.org\/{rel}","templated":true}]}}