{"id":6397,"global_id":"interreg-grace.eu\/de\/?id=6397","global_id_lineage":["interreg-grace.eu\/de\/?id=6397"],"author":"3","status":"publish","date":"2025-06-03 12:12:58","date_utc":"2025-06-03 10:12:58","modified":"2025-06-03 12:12:58","modified_utc":"2025-06-03 10:12:58","url":"https:\/\/interreg-grace.eu\/de\/event\/ctrl-art-educ-fachtreffen-zu-digitaler-kunst-und-kultureller-bildung\/","rest_url":"https:\/\/interreg-grace.eu\/de\/wp-json\/tribe\/events\/v1\/events\/6397","title":"CTRL + ART + \u00c9DUC \u2014 Fachtreffen zu digitaler Kunst und kultureller Bildung","description":"<div class=\"elementor-element elementor-element-0164494 h5 elementor-widget elementor-widget-text-editor --animated\" data-id=\"0164494\" data-element_type=\"widget\" data-widget_type=\"text-editor.default\">\n<p data-pm-slice=\"1 1 []\">Die ganzt\u00e4gige Veranstaltung ist kostenfrei und richtet sich an ein breites Publikum \u2013 Fachleute, Studierende und Interessierte gleicherma\u00dfen. Sie bietet die Gelegenheit, die Arbeiten der luxemburgischen K\u00fcnstler*innen Damiano Picci und Zohra Mrad sowie des Kollektivs Eddi van Tsui kennenzulernen, die im Rahmen einer Residenz entstanden sind. Dar\u00fcber hinaus gibt es vielf\u00e4ltige Begegnungen mit k\u00fcnstlerischen Akteur*innen der Gro\u00dfregion. Vortr\u00e4ge, interaktive Pr\u00e4sentationen und Projekt-Pitches greifen zentrale Themen wie k\u00fcnstliche Intelligenz sowie Kulturelle Bildung auf.  <\/p>\n<\/div>\n<div data-id=\"6e5bb07\" data-element_type=\"widget\" data-widget_type=\"button.default\">\n<p>Ein besonderer Programmpunkt ist der Vorstellung der neuen Ausschreibung f\u00fcr die grenz\u00fcberschreitende Residenz gewidmet, die von den Rotondes (Luxemburg), der Stadt Metz und Bliiida gemeinsam getragen wird. Das 2024 initiierte Programm f\u00f6rdert zwei wechselseitige Residenzen zwischen Metz und Luxemburg, bei denen k\u00fcnstlerische Produktion und Bildungsarbeit miteinander verkn\u00fcpft werden. <\/p>\n<p>Die Teilnahme ist kostenlos, eine Anmeldung \u00fcber das Online-Formular ist erforderlich: <a href=\"https:\/\/forms.office.com\/e\/W2ieDiYbW7?origin=lprLink\">https:\/\/forms.office.com\/e\/W2ieDiYbW7?origin=lprLink<\/a><\/p>\n<\/div>","excerpt":"","slug":"ctrl-art-educ-fachtreffen-zu-digitaler-kunst-und-kultureller-bildung","image":{"url":"https:\/\/interreg-grace.eu\/wp-content\/uploads\/2025\/06\/rencontres-pro.jpg","id":6394,"extension":"jpg","width":828,"height":1031,"filesize":101971,"sizes":{"medium":{"width":241,"height":300,"mime-type":"image\/jpeg","filesize":12326,"url":"https:\/\/interreg-grace.eu\/wp-content\/uploads\/2025\/06\/rencontres-pro-241x300.jpg"},"large":{"width":822,"height":1024,"mime-type":"image\/jpeg","filesize":75455,"url":"https:\/\/interreg-grace.eu\/wp-content\/uploads\/2025\/06\/rencontres-pro-822x1024.jpg"},"thumbnail":{"width":150,"height":150,"mime-type":"image\/jpeg","filesize":4597,"url":"https:\/\/interreg-grace.eu\/wp-content\/uploads\/2025\/06\/rencontres-pro-150x150.jpg"},"medium_large":{"width":768,"height":956,"mime-type":"image\/jpeg","filesize":68241,"url":"https:\/\/interreg-grace.eu\/wp-content\/uploads\/2025\/06\/rencontres-pro-768x956.jpg"},"blog-large":{"width":669,"height":272,"mime-type":"image\/jpeg","filesize":23315,"url":"https:\/\/interreg-grace.eu\/wp-content\/uploads\/2025\/06\/rencontres-pro-669x272.jpg"},"blog-medium":{"width":320,"height":202,"mime-type":"image\/jpeg","filesize":10338,"url":"https:\/\/interreg-grace.eu\/wp-content\/uploads\/2025\/06\/rencontres-pro-320x202.jpg"},"recent-posts":{"width":700,"height":441,"mime-type":"image\/jpeg","filesize":31799,"url":"https:\/\/interreg-grace.eu\/wp-content\/uploads\/2025\/06\/rencontres-pro-700x441.jpg"},"recent-works-thumbnail":{"width":66,"height":66,"mime-type":"image\/jpeg","filesize":1429,"url":"https:\/\/interreg-grace.eu\/wp-content\/uploads\/2025\/06\/rencontres-pro-66x66.jpg"},"fusion-200":{"width":200,"height":249,"mime-type":"image\/jpeg","filesize":10101,"url":"https:\/\/interreg-grace.eu\/wp-content\/uploads\/2025\/06\/rencontres-pro-200x249.jpg"},"fusion-400":{"width":400,"height":498,"mime-type":"image\/jpeg","filesize":26756,"url":"https:\/\/interreg-grace.eu\/wp-content\/uploads\/2025\/06\/rencontres-pro-400x498.jpg"},"fusion-600":{"width":600,"height":747,"mime-type":"image\/jpeg","filesize":48671,"url":"https:\/\/interreg-grace.eu\/wp-content\/uploads\/2025\/06\/rencontres-pro-600x747.jpg"},"fusion-800":{"width":800,"height":996,"mime-type":"image\/jpeg","filesize":72707,"url":"https:\/\/interreg-grace.eu\/wp-content\/uploads\/2025\/06\/rencontres-pro-800x996.jpg"},"portfolio-full":{"width":828,"height":400,"mime-type":"image\/jpeg","filesize":35478,"url":"https:\/\/interreg-grace.eu\/wp-content\/uploads\/2025\/06\/rencontres-pro-828x400.jpg"},"portfolio-one":{"width":540,"height":272,"mime-type":"image\/jpeg","filesize":19377,"url":"https:\/\/interreg-grace.eu\/wp-content\/uploads\/2025\/06\/rencontres-pro-540x272.jpg"},"portfolio-two":{"width":460,"height":295,"mime-type":"image\/jpeg","filesize":18386,"url":"https:\/\/interreg-grace.eu\/wp-content\/uploads\/2025\/06\/rencontres-pro-460x295.jpg"},"portfolio-three":{"width":300,"height":214,"mime-type":"image\/jpeg","filesize":10340,"url":"https:\/\/interreg-grace.eu\/wp-content\/uploads\/2025\/06\/rencontres-pro-300x214.jpg"},"portfolio-five":{"width":177,"height":142,"mime-type":"image\/jpeg","filesize":4980,"url":"https:\/\/interreg-grace.eu\/wp-content\/uploads\/2025\/06\/rencontres-pro-177x142.jpg"}}},"all_day":false,"start_date":"2025-06-19 09:30:00","start_date_details":{"year":"2025","month":"06","day":"19","hour":"09","minutes":"30","seconds":"00"},"end_date":"2025-06-19 17:00:00","end_date_details":{"year":"2025","month":"06","day":"19","hour":"17","minutes":"00","seconds":"00"},"utc_start_date":"2025-06-19 07:30:00","utc_start_date_details":{"year":"2025","month":"06","day":"19","hour":"07","minutes":"30","seconds":"00"},"utc_end_date":"2025-06-19 15:00:00","utc_end_date_details":{"year":"2025","month":"06","day":"19","hour":"15","minutes":"00","seconds":"00"},"timezone":"Europe\/Paris","timezone_abbr":"CEST","cost":"","cost_details":{"currency_symbol":"","currency_code":"","currency_position":"","values":[]},"website":"https:\/\/interreg-grace.eu\/de\/event\/ctrl-art-educ-fachtreffen-zu-digitaler-kunst-und-kultureller-bildung\/","show_map":true,"show_map_link":true,"hide_from_listings":false,"sticky":false,"featured":false,"categories":[{"name":"Alle \u00f6ffentlichen","slug":"tout-public-de","term_group":0,"term_taxonomy_id":97,"taxonomy":"tribe_events_cat","description":"","parent":115,"count":69,"filter":"raw","id":97,"urls":{"self":"https:\/\/interreg-grace.eu\/de\/wp-json\/tribe\/events\/v1\/categories\/97","collection":"https:\/\/interreg-grace.eu\/de\/wp-json\/tribe\/events\/v1\/categories","up":"https:\/\/interreg-grace.eu\/de\/wp-json\/tribe\/events\/v1\/categories\/115"}},{"name":"Digitale K\u00fcnste","slug":"digitale-kunste","term_group":0,"term_taxonomy_id":119,"taxonomy":"tribe_events_cat","description":"","parent":118,"count":7,"filter":"raw","id":119,"urls":{"self":"https:\/\/interreg-grace.eu\/de\/wp-json\/tribe\/events\/v1\/categories\/119","collection":"https:\/\/interreg-grace.eu\/de\/wp-json\/tribe\/events\/v1\/categories","up":"https:\/\/interreg-grace.eu\/de\/wp-json\/tribe\/events\/v1\/categories\/118"}},{"name":"Frankreich","slug":"frankreich","term_group":0,"term_taxonomy_id":113,"taxonomy":"tribe_events_cat","description":"","parent":111,"count":60,"filter":"raw","id":113,"urls":{"self":"https:\/\/interreg-grace.eu\/de\/wp-json\/tribe\/events\/v1\/categories\/113","collection":"https:\/\/interreg-grace.eu\/de\/wp-json\/tribe\/events\/v1\/categories","up":"https:\/\/interreg-grace.eu\/de\/wp-json\/tribe\/events\/v1\/categories\/111"}},{"name":"Konferenz","slug":"konferenz","term_group":0,"term_taxonomy_id":125,"taxonomy":"tribe_events_cat","description":"","parent":123,"count":12,"filter":"raw","id":125,"urls":{"self":"https:\/\/interreg-grace.eu\/de\/wp-json\/tribe\/events\/v1\/categories\/125","collection":"https:\/\/interreg-grace.eu\/de\/wp-json\/tribe\/events\/v1\/categories","up":"https:\/\/interreg-grace.eu\/de\/wp-json\/tribe\/events\/v1\/categories\/123"}}],"tags":[{"name":"Digitale K\u00fcnste","slug":"digitale-kunste","term_group":0,"term_taxonomy_id":100,"taxonomy":"post_tag","description":"","parent":0,"count":22,"filter":"raw","id":100,"urls":{"self":"https:\/\/interreg-grace.eu\/de\/wp-json\/tribe\/events\/v1\/tags\/100","collection":"https:\/\/interreg-grace.eu\/de\/wp-json\/tribe\/events\/v1\/tags"}}],"venue":{"id":5078,"author":"3","status":"publish","date":"2024-09-30 12:12:20","date_utc":"2024-09-30 10:12:20","modified":"2026-04-08 10:17:12","modified_utc":"2026-04-08 08:17:12","url":"https:\/\/interreg-grace.eu\/veranstaltungsort\/bliiida\/","venue":"Bliiida","slug":"bliiida","address":"7 avenue de Blida","city":"Metz","country":"France","zip":"57000","json_ld":{"@type":"Place","name":"Bliiida","description":"","url":"","address":{"@type":"PostalAddress","streetAddress":"7 avenue de Blida","addressLocality":"Metz","postalCode":"57000","addressCountry":"France"},"telephone":"","sameAs":""},"show_map":true,"show_map_link":true,"global_id":"interreg-grace.eu\/de\/?id=5078","global_id_lineage":["interreg-grace.eu\/de\/?id=5078"]},"organizer":[],"custom_fields":[],"json_ld":{"@context":"http:\/\/schema.org","@type":"Event","name":"CTRL + ART + \u00c9DUC \u2014 Fachtreffen zu digitaler Kunst und kultureller Bildung","description":"&lt;p&gt;Die ganzt\u00e4gige Veranstaltung ist kostenfrei und richtet sich an ein  [...]&lt;\/p&gt;\\n","image":"https:\/\/interreg-grace.eu\/wp-content\/uploads\/2025\/06\/rencontres-pro.jpg","url":"https:\/\/interreg-grace.eu\/de\/event\/ctrl-art-educ-fachtreffen-zu-digitaler-kunst-und-kultureller-bildung\/","eventAttendanceMode":"https:\/\/schema.org\/OfflineEventAttendanceMode","eventStatus":"https:\/\/schema.org\/EventScheduled","startDate":"2025-06-19T09:30:00+02:00","endDate":"2025-06-19T17:00:00+02:00","location":{"@type":"Place","name":"Bliiida","description":"","url":"","address":{"@type":"PostalAddress","streetAddress":"7 avenue de Blida","addressLocality":"Metz","postalCode":"57000","addressCountry":"France"},"telephone":"","sameAs":""},"performer":"Organization"}}