{"id":6384,"global_id":"interreg-grace.eu\/de\/?id=6384","global_id_lineage":["interreg-grace.eu\/de\/?id=6384"],"author":"2","status":"publish","date":"2025-05-26 16:00:45","date_utc":"2025-05-26 14:00:45","modified":"2025-05-26 16:00:45","modified_utc":"2025-05-26 14:00:45","url":"https:\/\/interreg-grace.eu\/de\/event\/perspectives-festival\/","rest_url":"https:\/\/interreg-grace.eu\/de\/wp-json\/tribe\/events\/v1\/events\/6384","title":"Perspectives Festival","description":"<p><strong>Festival Perspectives \u2013 Das Programm ist online! <\/strong><\/p>\n<p>Theater, Tanz, Zirkus, Musik, Performance und Film mit bekannten Namen und Newcomern, gro\u00dfen Projekten und kleinen B\u00fchnen, in Clubs und auf Pl\u00e4tzen, Drinnen und Drau\u00dfen, auf beiden Seiten der deutsch-franz\u00f6sischen Grenze \u2013 das ist <em>Perspectives<\/em>. Das Festival ist ganz wie der Name es verspricht ein Raum der Vielfalt und des Austauschs \u2013 offen, lebendig und f\u00fcr alle. <\/p>\n<p>Das Festival Perspectives findet rund um Pfingsten vom 05. \u2013 14.06.2025 in der saarl\u00e4ndisch-franz\u00f6sischen Grenzregion statt.<\/p>\n<p>Tickets und Infos auf <a href=\"http:\/\/www.festival-perspectives.de\">www.festival-perspectives.de<\/a><\/p>","excerpt":"<p>Theater, Tanz, Zirkus, Musik, Performance und Film&#8230; Wir sehen uns beim Festival Perspectives!<\/p>","slug":"perspectives-festival","image":{"url":"https:\/\/interreg-grace.eu\/wp-content\/uploads\/2025\/05\/PASSAGES_copyright_Klara-Pedrol-2.jpg","id":6381,"extension":"jpg","width":2048,"height":1367,"filesize":207658,"sizes":{"medium":{"width":300,"height":200,"mime-type":"image\/jpeg","filesize":13174,"url":"https:\/\/interreg-grace.eu\/wp-content\/uploads\/2025\/05\/PASSAGES_copyright_Klara-Pedrol-2-300x200.jpg"},"large":{"width":1024,"height":684,"mime-type":"image\/jpeg","filesize":71954,"url":"https:\/\/interreg-grace.eu\/wp-content\/uploads\/2025\/05\/PASSAGES_copyright_Klara-Pedrol-2-1024x684.jpg"},"thumbnail":{"width":150,"height":150,"mime-type":"image\/jpeg","filesize":8194,"url":"https:\/\/interreg-grace.eu\/wp-content\/uploads\/2025\/05\/PASSAGES_copyright_Klara-Pedrol-2-150x150.jpg"},"medium_large":{"width":768,"height":513,"mime-type":"image\/jpeg","filesize":47785,"url":"https:\/\/interreg-grace.eu\/wp-content\/uploads\/2025\/05\/PASSAGES_copyright_Klara-Pedrol-2-768x513.jpg"},"1536x1536":{"width":1536,"height":1025,"mime-type":"image\/jpeg","filesize":131822,"url":"https:\/\/interreg-grace.eu\/wp-content\/uploads\/2025\/05\/PASSAGES_copyright_Klara-Pedrol-2-1536x1025.jpg"},"blog-large":{"width":669,"height":272,"mime-type":"image\/jpeg","filesize":22671,"url":"https:\/\/interreg-grace.eu\/wp-content\/uploads\/2025\/05\/PASSAGES_copyright_Klara-Pedrol-2-669x272.jpg"},"blog-medium":{"width":320,"height":202,"mime-type":"image\/jpeg","filesize":13905,"url":"https:\/\/interreg-grace.eu\/wp-content\/uploads\/2025\/05\/PASSAGES_copyright_Klara-Pedrol-2-320x202.jpg"},"recent-posts":{"width":700,"height":441,"mime-type":"image\/jpeg","filesize":39049,"url":"https:\/\/interreg-grace.eu\/wp-content\/uploads\/2025\/05\/PASSAGES_copyright_Klara-Pedrol-2-700x441.jpg"},"recent-works-thumbnail":{"width":66,"height":66,"mime-type":"image\/jpeg","filesize":4774,"url":"https:\/\/interreg-grace.eu\/wp-content\/uploads\/2025\/05\/PASSAGES_copyright_Klara-Pedrol-2-66x66.jpg"},"fusion-200":{"width":200,"height":133,"mime-type":"image\/jpeg","filesize":8503,"url":"https:\/\/interreg-grace.eu\/wp-content\/uploads\/2025\/05\/PASSAGES_copyright_Klara-Pedrol-2-200x133.jpg"},"fusion-400":{"width":400,"height":267,"mime-type":"image\/jpeg","filesize":19197,"url":"https:\/\/interreg-grace.eu\/wp-content\/uploads\/2025\/05\/PASSAGES_copyright_Klara-Pedrol-2-400x267.jpg"},"fusion-600":{"width":600,"height":400,"mime-type":"image\/jpeg","filesize":33079,"url":"https:\/\/interreg-grace.eu\/wp-content\/uploads\/2025\/05\/PASSAGES_copyright_Klara-Pedrol-2-600x400.jpg"},"fusion-800":{"width":800,"height":534,"mime-type":"image\/jpeg","filesize":50222,"url":"https:\/\/interreg-grace.eu\/wp-content\/uploads\/2025\/05\/PASSAGES_copyright_Klara-Pedrol-2-800x534.jpg"},"fusion-1200":{"width":1200,"height":801,"mime-type":"image\/jpeg","filesize":91190,"url":"https:\/\/interreg-grace.eu\/wp-content\/uploads\/2025\/05\/PASSAGES_copyright_Klara-Pedrol-2-1200x801.jpg"},"portfolio-full":{"width":940,"height":400,"mime-type":"image\/jpeg","filesize":37383,"url":"https:\/\/interreg-grace.eu\/wp-content\/uploads\/2025\/05\/PASSAGES_copyright_Klara-Pedrol-2-940x400.jpg"},"portfolio-one":{"width":540,"height":272,"mime-type":"image\/jpeg","filesize":21381,"url":"https:\/\/interreg-grace.eu\/wp-content\/uploads\/2025\/05\/PASSAGES_copyright_Klara-Pedrol-2-540x272.jpg"},"portfolio-two":{"width":460,"height":295,"mime-type":"image\/jpeg","filesize":22124,"url":"https:\/\/interreg-grace.eu\/wp-content\/uploads\/2025\/05\/PASSAGES_copyright_Klara-Pedrol-2-460x295.jpg"},"portfolio-three":{"width":300,"height":214,"mime-type":"image\/jpeg","filesize":13921,"url":"https:\/\/interreg-grace.eu\/wp-content\/uploads\/2025\/05\/PASSAGES_copyright_Klara-Pedrol-2-300x214.jpg"},"portfolio-five":{"width":177,"height":142,"mime-type":"image\/jpeg","filesize":8454,"url":"https:\/\/interreg-grace.eu\/wp-content\/uploads\/2025\/05\/PASSAGES_copyright_Klara-Pedrol-2-177x142.jpg"}}},"all_day":false,"start_date":"2025-06-05 08:00:00","start_date_details":{"year":"2025","month":"06","day":"05","hour":"08","minutes":"00","seconds":"00"},"end_date":"2025-06-24 17:00:00","end_date_details":{"year":"2025","month":"06","day":"24","hour":"17","minutes":"00","seconds":"00"},"utc_start_date":"2025-06-05 06:00:00","utc_start_date_details":{"year":"2025","month":"06","day":"05","hour":"06","minutes":"00","seconds":"00"},"utc_end_date":"2025-06-24 15:00:00","utc_end_date_details":{"year":"2025","month":"06","day":"24","hour":"15","minutes":"00","seconds":"00"},"timezone":"Europe\/Paris","timezone_abbr":"CEST","cost":"","cost_details":{"currency_symbol":"","currency_code":"","currency_position":"","values":[]},"website":"https:\/\/www.festival-perspectives.de\/fr\/","show_map":true,"show_map_link":true,"hide_from_listings":false,"sticky":false,"featured":false,"categories":[{"name":"Alle \u00f6ffentlichen","slug":"tout-public-de","term_group":0,"term_taxonomy_id":97,"taxonomy":"tribe_events_cat","description":"","parent":115,"count":69,"filter":"raw","id":97,"urls":{"self":"https:\/\/interreg-grace.eu\/de\/wp-json\/tribe\/events\/v1\/categories\/97","collection":"https:\/\/interreg-grace.eu\/de\/wp-json\/tribe\/events\/v1\/categories","up":"https:\/\/interreg-grace.eu\/de\/wp-json\/tribe\/events\/v1\/categories\/115"}},{"name":"Deutschland","slug":"allemagne-de","term_group":0,"term_taxonomy_id":98,"taxonomy":"tribe_events_cat","description":"","parent":111,"count":8,"filter":"raw","id":98,"urls":{"self":"https:\/\/interreg-grace.eu\/de\/wp-json\/tribe\/events\/v1\/categories\/98","collection":"https:\/\/interreg-grace.eu\/de\/wp-json\/tribe\/events\/v1\/categories","up":"https:\/\/interreg-grace.eu\/de\/wp-json\/tribe\/events\/v1\/categories\/111"}},{"name":"Festival","slug":"festival-de","term_group":0,"term_taxonomy_id":126,"taxonomy":"tribe_events_cat","description":"","parent":123,"count":8,"filter":"raw","id":126,"urls":{"self":"https:\/\/interreg-grace.eu\/de\/wp-json\/tribe\/events\/v1\/categories\/126","collection":"https:\/\/interreg-grace.eu\/de\/wp-json\/tribe\/events\/v1\/categories","up":"https:\/\/interreg-grace.eu\/de\/wp-json\/tribe\/events\/v1\/categories\/123"}},{"name":"Frankreich","slug":"frankreich","term_group":0,"term_taxonomy_id":113,"taxonomy":"tribe_events_cat","description":"","parent":111,"count":60,"filter":"raw","id":113,"urls":{"self":"https:\/\/interreg-grace.eu\/de\/wp-json\/tribe\/events\/v1\/categories\/113","collection":"https:\/\/interreg-grace.eu\/de\/wp-json\/tribe\/events\/v1\/categories","up":"https:\/\/interreg-grace.eu\/de\/wp-json\/tribe\/events\/v1\/categories\/111"}},{"name":"Lebende Auff\u00fchrung","slug":"lebende-auffuhrung","term_group":0,"term_taxonomy_id":122,"taxonomy":"tribe_events_cat","description":"","parent":118,"count":54,"filter":"raw","id":122,"urls":{"self":"https:\/\/interreg-grace.eu\/de\/wp-json\/tribe\/events\/v1\/categories\/122","collection":"https:\/\/interreg-grace.eu\/de\/wp-json\/tribe\/events\/v1\/categories","up":"https:\/\/interreg-grace.eu\/de\/wp-json\/tribe\/events\/v1\/categories\/118"}}],"tags":[{"name":"Darstellende Kunst","slug":"darstellende-kunst","term_group":0,"term_taxonomy_id":101,"taxonomy":"post_tag","description":"","parent":0,"count":61,"filter":"raw","id":101,"urls":{"self":"https:\/\/interreg-grace.eu\/de\/wp-json\/tribe\/events\/v1\/tags\/101","collection":"https:\/\/interreg-grace.eu\/de\/wp-json\/tribe\/events\/v1\/tags"}}],"venue":[],"organizer":[{"id":6382,"author":"2","status":"publish","date":"2025-05-26 15:53:46","date_utc":"0000-00-00 00:00:00","modified":"2025-05-26 15:53:46","modified_utc":"0000-00-00 00:00:00","url":"https:\/\/interreg-grace.eu\/veranstalter\/fondation-pour-la-cooperation-culturelle-franco-allemande\/","organizer":"Fondation pour la coop\u00e9ration culturelle franco-allemande","slug":"fondation-pour-la-cooperation-culturelle-franco-allemande","phone":"+49 681 501 1370","website":"https:\/\/www.festival-perspectives.de\/fr\/","email":"info@festival-perspectives.de","json_ld":{"@type":"Person","name":"Fondation pour la coop\u00e9ration culturelle franco-allemande","description":"","url":"https:\/\/www.festival-perspectives.de\/fr\/","telephone":"+49 681 501 1370","email":"&#105;n&#102;&#111;&#64;fe&#115;t&#105;&#118;a&#108;-p&#101;rspe&#99;tiv&#101;&#115;.&#100;&#101;","sameAs":"https:\/\/www.festival-perspectives.de\/fr\/"},"global_id":"interreg-grace.eu\/de\/?id=6382","global_id_lineage":["interreg-grace.eu\/de\/?id=6382"]}],"custom_fields":[],"json_ld":{"@context":"http:\/\/schema.org","@type":"Event","name":"Perspectives Festival","description":"&lt;p&gt;Theater, Tanz, Zirkus, Musik, Performance und Film... Wir sehen uns beim Festival Perspectives!&lt;\/p&gt;\\n","image":"https:\/\/interreg-grace.eu\/wp-content\/uploads\/2025\/05\/PASSAGES_copyright_Klara-Pedrol-2.jpg","url":"https:\/\/interreg-grace.eu\/de\/event\/perspectives-festival\/","eventAttendanceMode":"https:\/\/schema.org\/OfflineEventAttendanceMode","eventStatus":"https:\/\/schema.org\/EventScheduled","startDate":"2025-06-05T08:00:00+02:00","endDate":"2025-06-24T17:00:00+02:00","organizer":{"@type":"Person","name":"Fondation pour la coop\u00e9ration culturelle franco-allemande","description":"","url":"https:\/\/www.festival-perspectives.de\/fr\/","telephone":"+49 681 501 1370","email":"i&#110;&#102;&#111;&#64;&#102;&#101;stiva&#108;&#45;pe&#114;spec&#116;ive&#115;.&#100;e","sameAs":"https:\/\/www.festival-perspectives.de\/fr\/"},"performer":"Organization"}}