{"id":5863,"global_id":"interreg-grace.eu\/de\/?id=5863","global_id_lineage":["interreg-grace.eu\/de\/?id=5863"],"author":"2","status":"publish","date":"2025-02-25 13:23:54","date_utc":"2025-02-25 12:23:54","modified":"2025-02-25 13:23:54","modified_utc":"2025-02-25 12:23:54","url":"https:\/\/interreg-grace.eu\/de\/event\/deep-are-the-woods-von-eric-arnal-burtschy\/","rest_url":"https:\/\/interreg-grace.eu\/de\/wp-json\/tribe\/events\/v1\/events\/5863","title":"Deep Are the Woods von Eric Arnal-Burtschy","description":"<p><strong>Bei <em>Deep Are the Woods<\/em> begegnen Sie einer unentbehrlichen Darstellerin: dem Licht! In einer v\u00f6llig immersiven Show bietet der K\u00fcnstler \u00c9ric Arnal-Burtschy ein sinnliches und leuchtendes Rendezvous von bewegender Feinf\u00fchligkeit. <\/strong><\/p>\n<p>Ein wahres Lichtbad! In <em>Deep Are the Woods <\/em>(\u201etief sind die W\u00e4lder\u201c) entfaltet sich das Licht in den verschiedensten Formen: in Strahlen, Kreisen und als Sonne. Das Licht empf\u00e4ngt das Publikum und ist \u00fcberall sp\u00fcrbar &#8230; <\/p>\n<p>In diesem intensiven, immersiven Schauspiel, in dem sich Zerbrechlichkeit und Erstaunen vereinen, hat \u00c9ric Arnal-Burtschy keine Darsteller eingesetzt, nicht einmal als Voice-over. Nur die Bewegungen des Lichts, ob es nun flach wie ein Nebelteppich oder kreisend wie ein langsames Karussell ist, stehen im Mittelpunkt dieser unglaublichen Begegnung mit dem Betrachter. Um uns herum erhebt sich eine wahre Kathedrale ohne Mauern, die aus tausend und einer inneren Schwingung besteht!  <\/p>\n<p>An der Schnittstelle zwischen visueller und digitaler Kunst l\u00e4dt diese Installation dazu ein, unsere Beziehung zur Welt auf immaterielle Weise zu verl\u00e4ngern. <em>Deep Are the Woods<\/em> bietet eine einzigartige Verbindung mit der Natur und dem Universum, indem es uns einen wahren Tanz des Lichts bietet.<\/p>\n<p><strong>\u201eEin sehr seltenes Erlebnis des Lichts, das sich wie ein im Raum tanzender K\u00f6rper verhalten w\u00fcrde.\u201c , Mouvement<\/strong> (G\u00e9rard Mayen)<\/p>\n<p>Am 7. und 8. M\u00e4rz k\u00f6nnen Sie sich diese Show ansehen, die alle 40 Minuten ausgestrahlt wird. Weitere Informationen \u00fcber <em>Deep Are the Woods<\/em> und die Uhrzeiten finden Sie auf <a href=\"https:\/\/transversales-verdun.com\/spectacles\/deep-are-the-woods\">der Seite von Transversales<\/a>, die der Auff\u00fchrung gewidmet ist. <\/p>","excerpt":"<p>Deep Are the Woods ist eine Auff\u00fchrung \u00fcber die Leere und die Unendlichkeit, deren Interpret das Licht ist. Der Zuschauer steht im Zentrum des Geschehens und appelliert sowohl an seine Vorstellungskraft als auch an seine Sinneseindr\u00fccke: das Licht umgibt, streift, holt ab und vermittelt das Gef\u00fchl, von ihm ber\u00fchrt zu werden und es ergreifen zu k\u00f6nnen. Sie ist ein sich bewegender K\u00f6rper, der den Raum definiert und dem Betrachter das Gef\u00fchl vermittelt, inmitten der Leere zu schweben. Mit einer subtilen Handschrift funktioniert dieses k\u00f6rperliche Erlebnis sowohl bei Erwachsenen als auch bei einem j\u00fcngeren Publikum.   <\/p>","slug":"deep-are-the-woods-von-eric-arnal-burtschy","image":{"url":"https:\/\/interreg-grace.eu\/wp-content\/uploads\/2025\/02\/Deep-are-the-woods-\u00a9-Bara-Srpkova-2-1-scaled.jpg","id":5820,"extension":"jpg","width":2560,"height":1696,"filesize":346018,"sizes":{"medium":{"width":300,"height":199,"mime-type":"image\/jpeg","filesize":28699,"url":"https:\/\/interreg-grace.eu\/wp-content\/uploads\/2025\/02\/Deep-are-the-woods-\u00a9-Bara-Srpkova-2-1-300x199.jpg"},"large":{"width":1024,"height":678,"mime-type":"image\/jpeg","filesize":81097,"url":"https:\/\/interreg-grace.eu\/wp-content\/uploads\/2025\/02\/Deep-are-the-woods-\u00a9-Bara-Srpkova-2-1-1024x678.jpg"},"thumbnail":{"width":150,"height":150,"mime-type":"image\/jpeg","filesize":24142,"url":"https:\/\/interreg-grace.eu\/wp-content\/uploads\/2025\/02\/Deep-are-the-woods-\u00a9-Bara-Srpkova-2-1-150x150.jpg"},"medium_large":{"width":768,"height":509,"mime-type":"image\/jpeg","filesize":59092,"url":"https:\/\/interreg-grace.eu\/wp-content\/uploads\/2025\/02\/Deep-are-the-woods-\u00a9-Bara-Srpkova-2-1-768x509.jpg"},"1536x1536":{"width":1536,"height":1017,"mime-type":"image\/jpeg","filesize":140514,"url":"https:\/\/interreg-grace.eu\/wp-content\/uploads\/2025\/02\/Deep-are-the-woods-\u00a9-Bara-Srpkova-2-1-1536x1017.jpg"},"2048x2048":{"width":2048,"height":1356,"mime-type":"image\/jpeg","filesize":224935,"url":"https:\/\/interreg-grace.eu\/wp-content\/uploads\/2025\/02\/Deep-are-the-woods-\u00a9-Bara-Srpkova-2-1-2048x1356.jpg"},"blog-large":{"width":669,"height":272,"mime-type":"image\/jpeg","filesize":40012,"url":"https:\/\/interreg-grace.eu\/wp-content\/uploads\/2025\/02\/Deep-are-the-woods-\u00a9-Bara-Srpkova-2-1-669x272.jpg"},"blog-medium":{"width":320,"height":202,"mime-type":"image\/jpeg","filesize":29406,"url":"https:\/\/interreg-grace.eu\/wp-content\/uploads\/2025\/02\/Deep-are-the-woods-\u00a9-Bara-Srpkova-2-1-320x202.jpg"},"recent-posts":{"width":700,"height":441,"mime-type":"image\/jpeg","filesize":52715,"url":"https:\/\/interreg-grace.eu\/wp-content\/uploads\/2025\/02\/Deep-are-the-woods-\u00a9-Bara-Srpkova-2-1-700x441.jpg"},"recent-works-thumbnail":{"width":66,"height":66,"mime-type":"image\/jpeg","filesize":20818,"url":"https:\/\/interreg-grace.eu\/wp-content\/uploads\/2025\/02\/Deep-are-the-woods-\u00a9-Bara-Srpkova-2-1-66x66.jpg"},"fusion-200":{"width":200,"height":132,"mime-type":"image\/jpeg","filesize":24348,"url":"https:\/\/interreg-grace.eu\/wp-content\/uploads\/2025\/02\/Deep-are-the-woods-\u00a9-Bara-Srpkova-2-1-200x132.jpg"},"fusion-400":{"width":400,"height":265,"mime-type":"image\/jpeg","filesize":34078,"url":"https:\/\/interreg-grace.eu\/wp-content\/uploads\/2025\/02\/Deep-are-the-woods-\u00a9-Bara-Srpkova-2-1-400x265.jpg"},"fusion-600":{"width":600,"height":397,"mime-type":"image\/jpeg","filesize":46631,"url":"https:\/\/interreg-grace.eu\/wp-content\/uploads\/2025\/02\/Deep-are-the-woods-\u00a9-Bara-Srpkova-2-1-600x397.jpg"},"fusion-800":{"width":800,"height":530,"mime-type":"image\/jpeg","filesize":61608,"url":"https:\/\/interreg-grace.eu\/wp-content\/uploads\/2025\/02\/Deep-are-the-woods-\u00a9-Bara-Srpkova-2-1-800x530.jpg"},"fusion-1200":{"width":1200,"height":795,"mime-type":"image\/jpeg","filesize":99443,"url":"https:\/\/interreg-grace.eu\/wp-content\/uploads\/2025\/02\/Deep-are-the-woods-\u00a9-Bara-Srpkova-2-1-1200x795.jpg"},"portfolio-full":{"width":940,"height":623,"mime-type":"image\/jpeg","filesize":73431,"url":"https:\/\/interreg-grace.eu\/wp-content\/uploads\/2025\/02\/Deep-are-the-woods-\u00a9-Bara-Srpkova-2-1-940x623.jpg"},"portfolio-one":{"width":540,"height":358,"mime-type":"image\/jpeg","filesize":42580,"url":"https:\/\/interreg-grace.eu\/wp-content\/uploads\/2025\/02\/Deep-are-the-woods-\u00a9-Bara-Srpkova-2-1-540x358.jpg"},"portfolio-two":{"width":460,"height":305,"mime-type":"image\/jpeg","filesize":37659,"url":"https:\/\/interreg-grace.eu\/wp-content\/uploads\/2025\/02\/Deep-are-the-woods-\u00a9-Bara-Srpkova-2-1-460x305.jpg"},"portfolio-three":{"width":300,"height":199,"mime-type":"image\/jpeg","filesize":28699,"url":"https:\/\/interreg-grace.eu\/wp-content\/uploads\/2025\/02\/Deep-are-the-woods-\u00a9-Bara-Srpkova-2-1-300x199.jpg"},"portfolio-five":{"width":177,"height":117,"mime-type":"image\/jpeg","filesize":23493,"url":"https:\/\/interreg-grace.eu\/wp-content\/uploads\/2025\/02\/Deep-are-the-woods-\u00a9-Bara-Srpkova-2-1-177x117.jpg"}},"original_image":"Deep-are-the-woods-\u00a9-Bara-Srpkova-2-1.jpg"},"all_day":false,"start_date":"2025-03-07 16:00:00","start_date_details":{"year":"2025","month":"03","day":"07","hour":"16","minutes":"00","seconds":"00"},"end_date":"2025-03-08 17:10:00","end_date_details":{"year":"2025","month":"03","day":"08","hour":"17","minutes":"10","seconds":"00"},"utc_start_date":"2025-03-07 15:00:00","utc_start_date_details":{"year":"2025","month":"03","day":"07","hour":"15","minutes":"00","seconds":"00"},"utc_end_date":"2025-03-08 16:10:00","utc_end_date_details":{"year":"2025","month":"03","day":"08","hour":"16","minutes":"10","seconds":"00"},"timezone":"Europe\/Paris","timezone_abbr":"CET","cost":"","cost_details":{"currency_symbol":"","currency_code":"","currency_position":"","values":[]},"website":"https:\/\/transversales-verdun.com\/spectacles\/deep-are-the-woods","show_map":true,"show_map_link":true,"hide_from_listings":false,"sticky":false,"featured":false,"categories":[{"name":"Alle \u00f6ffentlichen","slug":"tout-public-de","term_group":0,"term_taxonomy_id":97,"taxonomy":"tribe_events_cat","description":"","parent":115,"count":69,"filter":"raw","id":97,"urls":{"self":"https:\/\/interreg-grace.eu\/de\/wp-json\/tribe\/events\/v1\/categories\/97","collection":"https:\/\/interreg-grace.eu\/de\/wp-json\/tribe\/events\/v1\/categories","up":"https:\/\/interreg-grace.eu\/de\/wp-json\/tribe\/events\/v1\/categories\/115"}},{"name":"Auff\u00fchrung","slug":"auffuhrung","term_group":0,"term_taxonomy_id":127,"taxonomy":"tribe_events_cat","description":"","parent":123,"count":42,"filter":"raw","id":127,"urls":{"self":"https:\/\/interreg-grace.eu\/de\/wp-json\/tribe\/events\/v1\/categories\/127","collection":"https:\/\/interreg-grace.eu\/de\/wp-json\/tribe\/events\/v1\/categories","up":"https:\/\/interreg-grace.eu\/de\/wp-json\/tribe\/events\/v1\/categories\/123"}},{"name":"Digitale K\u00fcnste","slug":"digitale-kunste","term_group":0,"term_taxonomy_id":119,"taxonomy":"tribe_events_cat","description":"","parent":118,"count":7,"filter":"raw","id":119,"urls":{"self":"https:\/\/interreg-grace.eu\/de\/wp-json\/tribe\/events\/v1\/categories\/119","collection":"https:\/\/interreg-grace.eu\/de\/wp-json\/tribe\/events\/v1\/categories","up":"https:\/\/interreg-grace.eu\/de\/wp-json\/tribe\/events\/v1\/categories\/118"}},{"name":"Festival","slug":"festival-de","term_group":0,"term_taxonomy_id":126,"taxonomy":"tribe_events_cat","description":"","parent":123,"count":8,"filter":"raw","id":126,"urls":{"self":"https:\/\/interreg-grace.eu\/de\/wp-json\/tribe\/events\/v1\/categories\/126","collection":"https:\/\/interreg-grace.eu\/de\/wp-json\/tribe\/events\/v1\/categories","up":"https:\/\/interreg-grace.eu\/de\/wp-json\/tribe\/events\/v1\/categories\/123"}},{"name":"Frankreich","slug":"frankreich","term_group":0,"term_taxonomy_id":113,"taxonomy":"tribe_events_cat","description":"","parent":111,"count":60,"filter":"raw","id":113,"urls":{"self":"https:\/\/interreg-grace.eu\/de\/wp-json\/tribe\/events\/v1\/categories\/113","collection":"https:\/\/interreg-grace.eu\/de\/wp-json\/tribe\/events\/v1\/categories","up":"https:\/\/interreg-grace.eu\/de\/wp-json\/tribe\/events\/v1\/categories\/111"}}],"tags":[{"name":"Digitale K\u00fcnste","slug":"digitale-kunste","term_group":0,"term_taxonomy_id":100,"taxonomy":"post_tag","description":"","parent":0,"count":22,"filter":"raw","id":100,"urls":{"self":"https:\/\/interreg-grace.eu\/de\/wp-json\/tribe\/events\/v1\/tags\/100","collection":"https:\/\/interreg-grace.eu\/de\/wp-json\/tribe\/events\/v1\/tags"}},{"name":"Festival","slug":"festival-de","term_group":0,"term_taxonomy_id":140,"taxonomy":"post_tag","description":"","parent":0,"count":3,"filter":"raw","id":140,"urls":{"self":"https:\/\/interreg-grace.eu\/de\/wp-json\/tribe\/events\/v1\/tags\/140","collection":"https:\/\/interreg-grace.eu\/de\/wp-json\/tribe\/events\/v1\/tags"}}],"venue":{"id":5630,"author":"2","status":"publish","date":"2024-11-20 10:26:36","date_utc":"0000-00-00 00:00:00","modified":"2024-11-20 10:26:36","modified_utc":"0000-00-00 00:00:00","url":"https:\/\/interreg-grace.eu\/veranstaltungsort\/contre-courant-mjc\/","venue":"Contre-Courant MJC","slug":"contre-courant-mjc","address":"2 Place Andr\u00e9 Maginot","city":"Belleville-sur-Meuse","zip":"55430","json_ld":{"@type":"Place","name":"Contre-Courant MJC","description":"","url":"","address":{"@type":"PostalAddress","streetAddress":"2 Place Andr\u00e9 Maginot","addressLocality":"Belleville-sur-Meuse","postalCode":"55430"},"telephone":"","sameAs":""},"show_map":false,"show_map_link":false,"global_id":"interreg-grace.eu\/de\/?id=5630","global_id_lineage":["interreg-grace.eu\/de\/?id=5630"]},"organizer":[{"id":5751,"author":"2","status":"publish","date":"2025-02-05 14:41:21","date_utc":"0000-00-00 00:00:00","modified":"2025-02-05 14:41:21","modified_utc":"0000-00-00 00:00:00","url":"https:\/\/interreg-grace.eu\/veranstalter\/transversales\/","organizer":"Transversales","slug":"transversales","email":"billetterie@transversales-verdun.com","json_ld":{"@type":"Person","name":"Transversales","description":"","url":"","telephone":"","email":"&#98;&#105;l&#108;etterie&#64;tr&#97;&#110;sv&#101;&#114;&#115;ale&#115;&#45;&#118;&#101;&#114;d&#117;n&#46;&#99;&#111;&#109;","sameAs":""},"global_id":"interreg-grace.eu\/de\/?id=5751","global_id_lineage":["interreg-grace.eu\/de\/?id=5751"]}],"custom_fields":[],"json_ld":{"@context":"http:\/\/schema.org","@type":"Event","name":"Deep Are the Woods von Eric Arnal-Burtschy","description":"&lt;p&gt;Deep Are the Woods ist eine Auff\u00fchrung \u00fcber die Leere und die Unendlichkeit, deren Interpret das Licht ist. Der Zuschauer steht im Zentrum des Geschehens und appelliert sowohl an seine Vorstellungskraft als auch an seine Sinneseindr\u00fccke: das Licht umgibt, streift, holt ab und vermittelt das Gef\u00fchl, von ihm ber\u00fchrt zu werden und es ergreifen zu k\u00f6nnen. Sie ist ein sich bewegender K\u00f6rper, der den Raum definiert und dem Betrachter das Gef\u00fchl vermittelt, inmitten der Leere zu schweben. Mit einer subtilen Handschrift funktioniert dieses k\u00f6rperliche Erlebnis sowohl bei Erwachsenen als auch bei einem j\u00fcngeren Publikum.   &lt;\/p&gt;\\n","image":"https:\/\/interreg-grace.eu\/wp-content\/uploads\/2025\/02\/Deep-are-the-woods-\u00a9-Bara-Srpkova-2-1-scaled.jpg","url":"https:\/\/interreg-grace.eu\/de\/event\/deep-are-the-woods-von-eric-arnal-burtschy\/","eventAttendanceMode":"https:\/\/schema.org\/OfflineEventAttendanceMode","eventStatus":"https:\/\/schema.org\/EventScheduled","startDate":"2025-03-07T16:00:00+01:00","endDate":"2025-03-08T17:10:00+01:00","location":{"@type":"Place","name":"Contre-Courant MJC","description":"","url":"","address":{"@type":"PostalAddress","streetAddress":"2 Place Andr\u00e9 Maginot","addressLocality":"Belleville-sur-Meuse","postalCode":"55430"},"telephone":"","sameAs":""},"organizer":{"@type":"Person","name":"Transversales","description":"","url":"","telephone":"","email":"&#98;ille&#116;ter&#105;e&#64;&#116;&#114;&#97;&#110;s&#118;&#101;r&#115;a&#108;&#101;&#115;&#45;&#118;e&#114;&#100;&#117;&#110;&#46;co&#109;","sameAs":""},"performer":"Organization"}}