{"id":5498,"global_id":"interreg-grace.eu\/de\/?id=5498","global_id_lineage":["interreg-grace.eu\/de\/?id=5498"],"author":"1","status":"publish","date":"2024-08-30 10:14:32","date_utc":"2024-08-30 08:14:32","modified":"2024-08-30 10:14:32","modified_utc":"2024-08-30 08:14:32","url":"https:\/\/interreg-grace.eu\/de\/event\/festival-impact-theater-von-luettich\/","rest_url":"https:\/\/interreg-grace.eu\/de\/wp-json\/tribe\/events\/v1\/events\/5498","title":"Festival Impact, Theater von L\u00fcttich","description":"<p>Die sechste Ausgabe des Festivals IMPACT konzentriert sich auf das Thema \u201eNach der Welt\u201c. IMPACT l\u00e4dt zu einer neuartigen Erkundung neuer Formen, neuer Identit\u00e4ten und Geografien durch Tanz, Theater, Performance, plastische und digitale Kunst ein und er\u00f6ffnet einen Raum der Hybridisierungen, in dem die Grenzen zwischen den Disziplinen und k\u00fcnstlerischen Praktiken por\u00f6s werden. 15 Tage lang werden die Zuschauer mit einem k\u00fchnen Programm aus Performances, Begegnungen und Ausstellungen dazu eingeladen, den Sinn f\u00fcr das Staunen wiederzufinden, sich von den Schwingungen sensibler Welten mitrei\u00dfen zu lassen und sich gemeinsam die \u201eWelt danach\u201c vorzustellen, als eine kontinuierliche Reise ins Unbekannte, als das bewegliche Ziel unserer tiefsten Sehns\u00fcchte. Die Installation Hyperborea des Collectif Ersatz, die vom GRACE-Projekt unterst\u00fctzt wird, wird w\u00e4hrend des Festivals gezeigt, und alle GRACE-Partner aus dem Bereich der darstellenden K\u00fcnste sind zu den professionellen Treffen eingeladen, die w\u00e4hrend dieser zwei Wochen stattfinden werden.   <\/p>","excerpt":"<p>Die sechste Ausgabe des IMPACT-Festivals konzentriert sich auf das Thema \u201eNach der Welt\u201c.<\/p>","slug":"festival-impact-theater-von-luettich","image":{"url":"https:\/\/interreg-grace.eu\/wp-content\/uploads\/2024\/08\/IMPACT.png","id":4908,"extension":"png","width":8334,"height":8334,"filesize":257420,"sizes":{"medium":{"width":300,"height":300,"mime-type":"image\/png","filesize":5723,"url":"https:\/\/interreg-grace.eu\/wp-content\/uploads\/2024\/08\/IMPACT-300x300.png"},"large":{"width":1024,"height":1024,"mime-type":"image\/png","filesize":25494,"url":"https:\/\/interreg-grace.eu\/wp-content\/uploads\/2024\/08\/IMPACT-1024x1024.png"},"medium_large":{"width":768,"height":768,"mime-type":"image\/png","filesize":17600,"url":"https:\/\/interreg-grace.eu\/wp-content\/uploads\/2024\/08\/IMPACT-768x768.png"},"1536x1536":{"width":1536,"height":1536,"mime-type":"image\/png","filesize":47784,"url":"https:\/\/interreg-grace.eu\/wp-content\/uploads\/2024\/08\/IMPACT-1536x1536.png"},"blog-large":{"width":669,"height":272,"mime-type":"image\/png","filesize":12867,"url":"https:\/\/interreg-grace.eu\/wp-content\/uploads\/2024\/08\/IMPACT-669x272.png"},"blog-medium":{"width":320,"height":202,"mime-type":"image\/png","filesize":5792,"url":"https:\/\/interreg-grace.eu\/wp-content\/uploads\/2024\/08\/IMPACT-320x202.png"},"recent-posts":{"width":700,"height":441,"mime-type":"image\/png","filesize":14369,"url":"https:\/\/interreg-grace.eu\/wp-content\/uploads\/2024\/08\/IMPACT-700x441.png"},"fusion-200":{"width":200,"height":200,"mime-type":"image\/png","filesize":3600,"url":"https:\/\/interreg-grace.eu\/wp-content\/uploads\/2024\/08\/IMPACT-200x200.png"},"fusion-400":{"width":400,"height":400,"mime-type":"image\/png","filesize":7954,"url":"https:\/\/interreg-grace.eu\/wp-content\/uploads\/2024\/08\/IMPACT-400x400.png"},"fusion-600":{"width":600,"height":600,"mime-type":"image\/png","filesize":12658,"url":"https:\/\/interreg-grace.eu\/wp-content\/uploads\/2024\/08\/IMPACT-600x600.png"},"fusion-800":{"width":800,"height":800,"mime-type":"image\/png","filesize":18704,"url":"https:\/\/interreg-grace.eu\/wp-content\/uploads\/2024\/08\/IMPACT-800x800.png"},"fusion-1200":{"width":1200,"height":1200,"mime-type":"image\/png","filesize":31553,"url":"https:\/\/interreg-grace.eu\/wp-content\/uploads\/2024\/08\/IMPACT-1200x1200.png"},"portfolio-full":{"width":940,"height":940,"mime-type":"image\/png","filesize":22784,"url":"https:\/\/interreg-grace.eu\/wp-content\/uploads\/2024\/08\/IMPACT-940x940.png"},"portfolio-one":{"width":540,"height":540,"mime-type":"image\/png","filesize":11214,"url":"https:\/\/interreg-grace.eu\/wp-content\/uploads\/2024\/08\/IMPACT-540x540.png"},"portfolio-two":{"width":460,"height":460,"mime-type":"image\/png","filesize":9228,"url":"https:\/\/interreg-grace.eu\/wp-content\/uploads\/2024\/08\/IMPACT-460x460.png"},"portfolio-three":{"width":300,"height":300,"mime-type":"image\/png","filesize":5723,"url":"https:\/\/interreg-grace.eu\/wp-content\/uploads\/2024\/08\/IMPACT-300x300.png"},"portfolio-five":{"width":177,"height":177,"mime-type":"image\/png","filesize":3124,"url":"https:\/\/interreg-grace.eu\/wp-content\/uploads\/2024\/08\/IMPACT-177x177.png"}}},"all_day":true,"start_date":"2024-11-01 00:00:00","start_date_details":{"year":"2024","month":"11","day":"01","hour":"00","minutes":"00","seconds":"00"},"end_date":"2024-11-16 23:59:59","end_date_details":{"year":"2024","month":"11","day":"16","hour":"23","minutes":"59","seconds":"59"},"utc_start_date":"2024-10-31 23:00:00","utc_start_date_details":{"year":"2024","month":"10","day":"31","hour":"23","minutes":"00","seconds":"00"},"utc_end_date":"2024-11-16 22:59:59","utc_end_date_details":{"year":"2024","month":"11","day":"16","hour":"22","minutes":"59","seconds":"59"},"timezone":"Europe\/Paris","timezone_abbr":"CET","cost":"","cost_details":{"currency_symbol":"","currency_code":"","currency_position":"","values":[]},"website":"https:\/\/theatredeliege.be\/festival-archives\/forum-impact\/","show_map":true,"show_map_link":true,"hide_from_listings":false,"sticky":false,"featured":false,"categories":[{"name":"Alle \u00f6ffentlichen","slug":"tout-public-de","term_group":0,"term_taxonomy_id":97,"taxonomy":"tribe_events_cat","description":"","parent":115,"count":69,"filter":"raw","id":97,"urls":{"self":"https:\/\/interreg-grace.eu\/de\/wp-json\/tribe\/events\/v1\/categories\/97","collection":"https:\/\/interreg-grace.eu\/de\/wp-json\/tribe\/events\/v1\/categories","up":"https:\/\/interreg-grace.eu\/de\/wp-json\/tribe\/events\/v1\/categories\/115"}},{"name":"Austausch von Wissen und Erfahrungen","slug":"austausch-von-wissen-und-erfahrungen","term_group":0,"term_taxonomy_id":121,"taxonomy":"tribe_events_cat","description":"","parent":118,"count":5,"filter":"raw","id":121,"urls":{"self":"https:\/\/interreg-grace.eu\/de\/wp-json\/tribe\/events\/v1\/categories\/121","collection":"https:\/\/interreg-grace.eu\/de\/wp-json\/tribe\/events\/v1\/categories","up":"https:\/\/interreg-grace.eu\/de\/wp-json\/tribe\/events\/v1\/categories\/118"}},{"name":"Belgien","slug":"belgien","term_group":0,"term_taxonomy_id":112,"taxonomy":"tribe_events_cat","description":"","parent":111,"count":13,"filter":"raw","id":112,"urls":{"self":"https:\/\/interreg-grace.eu\/de\/wp-json\/tribe\/events\/v1\/categories\/112","collection":"https:\/\/interreg-grace.eu\/de\/wp-json\/tribe\/events\/v1\/categories","up":"https:\/\/interreg-grace.eu\/de\/wp-json\/tribe\/events\/v1\/categories\/111"}},{"name":"Werkstatt","slug":"werkstatt","term_group":0,"term_taxonomy_id":124,"taxonomy":"tribe_events_cat","description":"","parent":123,"count":13,"filter":"raw","id":124,"urls":{"self":"https:\/\/interreg-grace.eu\/de\/wp-json\/tribe\/events\/v1\/categories\/124","collection":"https:\/\/interreg-grace.eu\/de\/wp-json\/tribe\/events\/v1\/categories","up":"https:\/\/interreg-grace.eu\/de\/wp-json\/tribe\/events\/v1\/categories\/123"}}],"tags":[{"name":"Digitale K\u00fcnste","slug":"digitale-kunste","term_group":0,"term_taxonomy_id":100,"taxonomy":"post_tag","description":"","parent":0,"count":22,"filter":"raw","id":100,"urls":{"self":"https:\/\/interreg-grace.eu\/de\/wp-json\/tribe\/events\/v1\/tags\/100","collection":"https:\/\/interreg-grace.eu\/de\/wp-json\/tribe\/events\/v1\/tags"}}],"venue":{"id":4168,"author":"1","status":"publish","date":"2024-08-30 10:14:32","date_utc":"2024-08-30 08:14:32","modified":"2024-08-30 10:14:32","modified_utc":"2024-08-30 08:14:32","url":"https:\/\/interreg-grace.eu\/veranstaltungsort\/theatre-de-liege\/","venue":"Th\u00e9\u00e2tre de Li\u00e8ge","slug":"theatre-de-liege","address":"Place du Vingt Ao\u00fbt","city":"Li\u00e8ge","country":"Belgium","zip":"16 4000","json_ld":{"@type":"Place","name":"Th\u00e9\u00e2tre de Li\u00e8ge","description":"","url":"","address":{"@type":"PostalAddress","streetAddress":"Place du Vingt Ao\u00fbt","addressLocality":"Li\u00e8ge","postalCode":"16 4000","addressCountry":"Belgium"},"telephone":"","sameAs":""},"show_map":true,"show_map_link":true,"global_id":"interreg-grace.eu\/de\/?id=4168","global_id_lineage":["interreg-grace.eu\/de\/?id=4168"]},"organizer":[],"custom_fields":[],"json_ld":{"@context":"http:\/\/schema.org","@type":"Event","name":"Festival Impact, Theater von L\u00fcttich","description":"&lt;p&gt;Die sechste Ausgabe des IMPACT-Festivals konzentriert sich auf das Thema \u201eNach der Welt\u201c.&lt;\/p&gt;\\n","image":"https:\/\/interreg-grace.eu\/wp-content\/uploads\/2024\/08\/IMPACT.png","url":"https:\/\/interreg-grace.eu\/de\/event\/festival-impact-theater-von-luettich\/","eventAttendanceMode":"https:\/\/schema.org\/OfflineEventAttendanceMode","eventStatus":"https:\/\/schema.org\/EventScheduled","startDate":"2024-11-01T00:00:00+01:00","endDate":"2024-11-16T23:59:59+01:00","location":{"@type":"Place","name":"Th\u00e9\u00e2tre de Li\u00e8ge","description":"","url":"","address":{"@type":"PostalAddress","streetAddress":"Place du Vingt Ao\u00fbt","addressLocality":"Li\u00e8ge","postalCode":"16 4000","addressCountry":"Belgium"},"telephone":"","sameAs":""},"performer":"Organization"}}